{"id":9494,"date":"2026-03-13T12:46:24","date_gmt":"2026-03-13T05:46:24","guid":{"rendered":"https:\/\/ambhanoi.esteri.it\/?p=9494"},"modified":"2026-03-13T12:48:28","modified_gmt":"2026-03-13T05:48:28","slug":"ngay-thiet-ke-italia-lan-thu-10-tai-viet-nam","status":"publish","type":"post","link":"https:\/\/ambhanoi.esteri.it\/vi\/news\/dall_ambasciata\/2026\/03\/ngay-thiet-ke-italia-lan-thu-10-tai-viet-nam\/","title":{"rendered":"Ng\u00e0y Thi\u1ebft k\u1ebf Italia l\u1ea7n th\u1ee9 10 t\u1ea1i Vi\u1ec7t Nam"},"content":{"rendered":"<p>\u0110\u1ea1i s\u1ee9 qu\u00e1n Italia t\u1ea1i H\u00e0 N\u1ed9i tr\u00e2n tr\u1ecdng gi\u1edbi thi\u1ec7u phi\u00ean b\u1ea3n l\u1ea7n th\u1ee9 10 c\u1ee7a Ng\u00e0y Thi\u1ebft k\u1ebf Italia t\u1ea1i Vi\u1ec7t Nam (Italian Design Day \u2013 GDI). \u0110\u01b0\u1ee3c kh\u1edfi x\u01b0\u1edbng v\u00e0o n\u0103m 2017 b\u1edfi B\u1ed9 Ngo\u1ea1i giao v\u00e0 H\u1ee3p t\u00e1c Qu\u1ed1c t\u1ebf Italia, GDI l\u00e0 m\u1ed9t s\u00e1ng ki\u1ebfn th\u01b0\u1eddng ni\u00ean nh\u1eb1m qu\u1ea3ng b\u00e1 l\u1ecbch s\u1eed v\u00e0 t\u00ednh hi\u1ec7n \u0111\u1ea1i c\u1ee7a thi\u1ebft k\u1ebf v\u00e0 ki\u1ebfn tr\u00fac Italia tr\u00ean to\u00e0n th\u1ebf gi\u1edbi, \u0111\u1ed3ng th\u1eddi th\u00fac \u0111\u1ea9y trao \u0111\u1ed5i kinh nghi\u1ec7m v\u00e0 c\u00e1c th\u1ef1c h\u00e0nh \u0111\u1ed5i m\u1edbi s\u00e1ng t\u1ea1o.<\/p>\n<p>K\u1ec3 t\u1eeb l\u1ea7n t\u1ed5 ch\u1ee9c \u0111\u1ea7u ti\u00ean, h\u01a1n m\u1ed9t ngh\u00ecn s\u1ef1 ki\u1ec7n \u0111\u00e3 \u0111\u01b0\u1ee3c tri\u1ec3n khai trong khu\u00f4n kh\u1ed5 s\u00e1ng ki\u1ebfn n\u00e0y b\u1edfi m\u1ea1ng l\u01b0\u1edbi c\u00e1c \u0110\u1ea1i s\u1ee9 qu\u00e1n, L\u00e3nh s\u1ef1 qu\u00e1n v\u00e0 V\u0103n ph\u00f2ng ICE \u1edf n\u01b0\u1edbc ngo\u00e0i, v\u1edbi s\u1ef1 tham gia c\u1ee7a h\u00e0ng tr\u0103m nh\u00e0 thi\u1ebft k\u1ebf, ki\u1ebfn tr\u00fac s\u01b0, doanh nh\u00e2n, nh\u00e0 b\u00e1o v\u00e0 c\u00e1c chuy\u00ean gia trong l\u0129nh v\u1ef1c.<\/p>\n<p>Ch\u1ee7 \u0111\u1ec1 c\u1ee7a phi\u00ean b\u1ea3n n\u0103m 2026 l\u00e0 \u201cT\u00e1i thi\u1ebft k\u1ebf. T\u00e1i ki\u1ebfn t\u1ea1o Kh\u00f4ng gian, V\u1eadt th\u1ec3, \u00dd t\u01b0\u1edfng v\u00e0 C\u00e1c m\u1ed1i quan h\u1ec7\u201d. Ch\u1ee7 \u0111\u1ec1 n\u00e0y nh\u1ea5n m\u1ea1nh kh\u00e1i ni\u1ec7m t\u00e1i sinh nh\u01b0 m\u1ed9t c\u00e1ch ti\u1ebfp c\u1eadn \u0111\u1ec3 hi\u1ec3u v\u00e0 di\u1ec5n gi\u1ea3i thi\u1ebft k\u1ebf \u0111\u01b0\u01a1ng \u0111\u1ea1i, \u0111\u1ed3ng th\u1eddi l\u00e0m n\u1ed5i b\u1eadt vai tr\u00f2 c\u1ee7a ki\u1ebfn tr\u00fac trong vi\u1ec7c l\u00e0m m\u1edbi kh\u00f4ng gian, v\u1eadt th\u1ec3 v\u00e0 c\u00e1c m\u1ed1i quan h\u1ec7 trong b\u1ed1i c\u1ea3nh nh\u1eefng bi\u1ebfn \u0111\u1ed5i x\u00e3 h\u1ed9i, v\u0103n h\u00f3a v\u00e0 m\u00f4i tr\u01b0\u1eddng c\u1ee7a th\u1eddi \u0111\u1ea1i ng\u00e0y nay.<\/p>\n<p>GDI c\u0169ng l\u00e0 m\u1ed9t n\u1ec1n t\u1ea3ng nh\u1eb1m t\u00f4n vinh c\u00e1c s\u1ef1 ki\u1ec7n l\u1edbn d\u00e0nh cho thi\u1ebft k\u1ebf Italia, trong \u0111\u00f3 c\u00f3 tri\u1ec3n l\u00e3m qu\u1ed1c t\u1ebf \u0111\u1ed3 n\u1ed9i th\u1ea5t v\u00e0 thi\u1ebft k\u1ebf Salone del Mobile di Milano (Milano, 21\u201326 th\u00e1ng 4 n\u0103m 2026). \u0110\u01b0\u1ee3c th\u00e0nh l\u1eadp v\u00e0o n\u0103m 1961, tri\u1ec3n l\u00e3m n\u00e0y l\u00e0 di\u1ec5n \u0111\u00e0n qu\u1ed1c t\u1ebf h\u00e0ng \u0111\u1ea7u trong l\u0129nh v\u1ef1c \u0111\u1ed3 n\u1ed9i th\u1ea5t v\u00e0 c\u00f4ng nghi\u1ec7p thi\u1ebft k\u1ebf.<\/p>\n<p>T\u1ea1i H\u00e0 N\u1ed9i, Ng\u00e0y Thi\u1ebft k\u1ebf Italia l\u1ea7n th\u1ee9 10 \u0111\u00e3 di\u1ec5n ra v\u00e0o ng\u00e0y 12 th\u00e1ng 3 n\u0103m 2026 t\u1ea1i Tr\u01b0\u1eddng \u0110\u1ea1i h\u1ecdc X\u00e2y d\u1ef1ng H\u00e0 N\u1ed9i (HUCE) \u2013 \u0111\u1ed1i t\u00e1c l\u00e2u n\u0103m c\u1ee7a \u0110\u1ea1i s\u1ee9 qu\u00e1n trong vi\u1ec7c t\u1ed5 ch\u1ee9c s\u1ef1 ki\u1ec7n n\u00e0y. Ng\u00e0y Thi\u1ebft k\u1ebf Italia 2026 \u0111\u01b0\u1ee3c t\u1ed5 ch\u1ee9c d\u01b0\u1edbi h\u00ecnh th\u1ee9c b\u00e0n tr\u00f2n th\u1ea3o lu\u1eadn, v\u1edbi s\u1ef1 tham gia c\u1ee7a Ki\u1ebfn tr\u00fac s\u01b0 Tiziano Vudafieri, \u0110\u1ea1i s\u1ee9 Thi\u1ebft k\u1ebf Italia t\u1ea1i Vi\u1ec7t Nam n\u0103m 2026; PGS.TS. Nguy\u1ec5n Cao L\u00e3nh, Tr\u01b0\u1edfng khoa Ki\u1ebfn tr\u00fac v\u00e0 Quy ho\u1ea1ch c\u1ee7a HUCE; c\u00f9ng c\u00e1c ki\u1ebfn tr\u00fac s\u01b0 Ho\u00e0ng Th\u00fac H\u00e0o v\u00e0 Trung Mai, d\u01b0\u1edbi s\u1ef1 \u0111i\u1ec1u ph\u1ed1i c\u1ee7a Nguy\u1ec5n Phan Th\u00f9y D\u01b0\u01a1ng, Ch\u1ee7 bi\u00ean c\u1ee7a ELLE Decoration Vietnam.<\/p>\n<p>S\u00e1ng ki\u1ebfn n\u00e0y n\u1eb1m trong khu\u00f4n kh\u1ed5 c\u00e1c ho\u1ea1t \u0111\u1ed9ng ngo\u1ea1i giao v\u0103n h\u00f3a v\u00e0 x\u00fac ti\u1ebfn kinh t\u1ebf c\u1ee7a \u0110\u1ea1i s\u1ee9 qu\u00e1n Italia t\u1ea1i Vi\u1ec7t Nam, v\u1edbi m\u1ee5c ti\u00eau t\u0103ng c\u01b0\u1eddng h\u1ee3p t\u00e1c gi\u1eefa hai qu\u1ed1c gia trong c\u00e1c l\u0129nh v\u1ef1c thi\u1ebft k\u1ebf, ki\u1ebfn tr\u00fac v\u00e0 c\u00f4ng nghi\u1ec7p s\u00e1ng t\u1ea1o.<\/p>\n<p><strong>* * *<\/strong><\/p>\n<p>\u0110\u1ec3 bi\u1ebft th\u00eam th\u00f4ng tin, xin g\u1eedi k\u00e8m theo \u0111\u00e2y <a href=\"https:\/\/ambhanoi.esteri.it\/wp-content\/uploads\/2026\/03\/IDD2026-press-release-vn.pdf\"><u>th\u00f4ng c\u00e1o b\u00e1o ch\u00ed<\/u><\/a> c\u1ee7a s\u1ef1 ki\u1ec7n v\u00e0 <u><a href=\"https:\/\/ambhanoi.esteri.it\/wp-content\/uploads\/2026\/03\/IDD2026-press-release-vn.pdf\">ti\u1ec3u s\u1eed c\u1ee7a c\u00e1c kh\u00e1ch m\u1eddi<\/a>.<\/u><\/p>\n","protected":false},"excerpt":{"rendered":"\u0110\u1ea1i s\u1ee9 qu\u00e1n Italia t\u1ea1i H\u00e0 N\u1ed9i tr\u00e2n tr\u1ecdng gi\u1edbi thi\u1ec7u phi\u00ean b\u1ea3n l\u1ea7n th\u1ee9 10 c\u1ee7a Ng\u00e0y Thi\u1ebft k\u1ebf Italia t\u1ea1i Vi\u1ec7t Nam (Italian Design Day \u2013 GDI). \u0110\u01b0\u1ee3c kh\u1edfi x\u01b0\u1edbng v\u00e0o n\u0103m 2017 b\u1edfi B\u1ed9 Ngo\u1ea1i giao v\u00e0 H\u1ee3p t\u00e1c Qu\u1ed1c t\u1ebf Italia, GDI l\u00e0 m\u1ed9t s\u00e1ng ki\u1ebfn th\u01b0\u1eddng ni\u00ean nh\u1eb1m qu\u1ea3ng b\u00e1 [&hellip;]","protected":false},"author":19,"featured_media":9481,"comment_status":"closed","ping_status":"closed","sticky":false,"template":"","format":"standard","meta":{"footnotes":""},"tags":[7],"class_list":["post-9494","post","type-post","status-publish","format-standard","has-post-thumbnail","hentry","tag-diplomazia-culturale"],"_links":{"self":[{"href":"https:\/\/ambhanoi.esteri.it\/vi\/wp-json\/wp\/v2\/posts\/9494","targetHints":{"allow":["GET"]}}],"collection":[{"href":"https:\/\/ambhanoi.esteri.it\/vi\/wp-json\/wp\/v2\/posts"}],"about":[{"href":"https:\/\/ambhanoi.esteri.it\/vi\/wp-json\/wp\/v2\/types\/post"}],"author":[{"embeddable":true,"href":"https:\/\/ambhanoi.esteri.it\/vi\/wp-json\/wp\/v2\/users\/19"}],"replies":[{"embeddable":true,"href":"https:\/\/ambhanoi.esteri.it\/vi\/wp-json\/wp\/v2\/comments?post=9494"}],"version-history":[{"count":2,"href":"https:\/\/ambhanoi.esteri.it\/vi\/wp-json\/wp\/v2\/posts\/9494\/revisions"}],"predecessor-version":[{"id":9498,"href":"https:\/\/ambhanoi.esteri.it\/vi\/wp-json\/wp\/v2\/posts\/9494\/revisions\/9498"}],"wp:featuredmedia":[{"embeddable":true,"href":"https:\/\/ambhanoi.esteri.it\/vi\/wp-json\/wp\/v2\/media\/9481"}],"wp:attachment":[{"href":"https:\/\/ambhanoi.esteri.it\/vi\/wp-json\/wp\/v2\/media?parent=9494"}],"wp:term":[{"taxonomy":"post_tag","embeddable":true,"href":"https:\/\/ambhanoi.esteri.it\/vi\/wp-json\/wp\/v2\/tags?post=9494"}],"curies":[{"name":"wp","href":"https:\/\/api.w.org\/{rel}","templated":true}]}}