{"id":9451,"date":"2026-03-12T15:02:47","date_gmt":"2026-03-12T08:02:47","guid":{"rendered":"https:\/\/ambhanoi.esteri.it\/?p=9451"},"modified":"2026-03-12T15:37:36","modified_gmt":"2026-03-12T08:37:36","slug":"tu-rome-den-oscar-la-grande-bellezza-cua-dien-anh-y-casa-italia-thu-sau-ngay-20-thang-3-nam-2026-1800","status":"publish","type":"post","link":"https:\/\/ambhanoi.esteri.it\/vi\/news\/dall_ambasciata\/2026\/03\/tu-rome-den-oscar-la-grande-bellezza-cua-dien-anh-y-casa-italia-thu-sau-ngay-20-thang-3-nam-2026-1800\/","title":{"rendered":"T\u1eeb Rome \u0111\u1ebfn Oscar. &#8220;La grande bellezza&#8221; c\u1ee7a \u0111i\u1ec7n \u1ea3nh \u00dd (Casa Italia, Th\u1ee9 S\u00e1u, ng\u00e0y 20 th\u00e1ng 3 n\u0103m 2026, 18:00)"},"content":{"rendered":"<p>\u0110\u1ea1i s\u1ee9 qu\u00e1n Italia t\u1ea1i H\u00e0 N\u1ed9i tr\u00e2n tr\u1ecdng m\u1eddi qu\u00fd v\u1ecb \u0111\u1ebfn xem b\u1ed9 phim<strong> &#8220;La grande bellezza&#8221;<\/strong> ( v\u1ebb \u0111\u1eb9p tuy\u1ec7t tr\u1ea7n) c\u1ee7a \u0111\u1ea1o di\u1ec5n ng\u01b0\u1eddi \u00dd Paolo Sorrentino, di\u1ec5n ra v\u00e0o <strong>Th\u1ee9 S\u00e1u, ng\u00e0y 20 th\u00e1ng 3 n\u0103m 2026, l\u00fac 18:00 t\u1ea1i Casa Italia<\/strong> (18 L\u00ea Ph\u1ee5ng Hi\u1ebfu, Ho\u00e0n Ki\u1ebfm, H\u00e0 N\u1ed9i).<\/p>\n<p>S\u1ef1 ki\u1ec7n di\u1ec5n ra ch\u1ec9 v\u00e0i ng\u00e0y tr\u01b0\u1edbc L\u1ec5 trao gi\u1ea3i Oscar l\u1ea7n th\u1ee9 98, &#8220;\u0110\u00eam Oscar&#8221; n\u1ed5i ti\u1ebfng, nh\u1eb1m t\u00f4n vinh s\u1ef1 xu\u1ea5t s\u1eafc c\u1ee7a \u0111i\u1ec7n \u1ea3nh \u00dd \u0111\u01b0\u01a1ng \u0111\u1ea1i b\u1eb1ng c\u00e1ch t\u00f4n vinh m\u1ed9t trong nh\u1eefng b\u1ed9 phim \u00dd \u0111\u01b0\u1ee3c \u0111\u00e1nh gi\u00e1 cao nh\u1ea5t trong nh\u1eefng n\u0103m g\u1ea7n \u0111\u00e2y.<\/p>\n<p><strong>\u0110o\u1ea1t gi\u1ea3i Oscar cho Phim n\u01b0\u1edbc ngo\u00e0i hay nh\u1ea5t<\/strong> n\u0103m 2014, &#8220;V\u1ebb \u0111\u1eb9p tuy\u1ec7t tr\u1ea7n&#8221; k\u1ec3 v\u1ec1 c\u00e2u chuy\u1ec7n c\u1ee7a Jep Gambardella, m\u1ed9t nh\u00e0 b\u00e1o v\u00e0 nh\u00e0 v\u0103n n\u1ed5i ti\u1ebfng, gi\u1eefa nh\u1eefng b\u1eefa ti\u1ec7c xa hoa v\u00e0 nh\u1eefng cu\u1ed9c g\u1eb7p g\u1ee1 k\u1ef3 l\u1ea1 trong gi\u1edbi th\u01b0\u1ee3ng l\u01b0u La M\u00e3, b\u1eaft \u0111\u1ea7u m\u1ed9t h\u00e0nh tr\u00ecnh n\u1ed9i t\u00e2m t\u00ecm ki\u1ebfm v\u1ebb \u0111\u1eb9p \u0111\u00edch th\u1ef1c v\u00e0 \u00fd ngh\u0129a s\u00e2u s\u1eafc h\u01a1n c\u1ee7a cu\u1ed9c s\u1ed1ng. L\u1ea5y b\u1ed1i c\u1ea3nh m\u1ed9t Rome v\u1eeba xa hoa v\u1eeba b\u1ea5t di\u1ec7t, b\u1ed9 phim \u0111\u01b0\u1ee3c coi l\u00e0 m\u1ed9t trong nh\u1eefng t\u00e1c ph\u1ea9m kinh \u0111i\u1ec3n nh\u1ea5t c\u1ee7a \u0111i\u1ec7n \u1ea3nh \u00dd \u0111\u01b0\u01a1ng \u0111\u1ea1i, \u0111\u01b0\u1ee3c qu\u1ed1c t\u1ebf ca ng\u1ee3i v\u1ec1 s\u1ee9c m\u1ea1nh h\u00ecnh \u1ea3nh v\u00e0 k\u1ec3 chuy\u1ec7n phi th\u01b0\u1eddng.<\/p>\n<p>Bu\u1ed5i chi\u1ebfu phim s\u1ebd \u0111\u01b0\u1ee3c tr\u00ecnh chi\u1ebfu b\u1eb1ng <strong>ti\u1ebfng \u00dd v\u1edbi ph\u1ee5 \u0111\u1ec1 ti\u1ebfng Anh<\/strong> v\u00e0 s\u1ebd \u0111\u01b0\u1ee3c ti\u1ebfp n\u1ed1i b\u1eb1ng m\u1ed9t s\u1ef1 ki\u1ec7n th\u00e2n m\u1eadt v\u1edbi c\u00e1c m\u00f3n \u0103n v\u00e0 r\u01b0\u1ee3u vang \u00dd nh\u01b0 m\u1ed9t ph\u1ea7n c\u1ee7a s\u00e1ng ki\u1ebfn <strong>&#8220;Sentiero diVino&#8221;<\/strong>, \u0111\u01b0\u1ee3c t\u1ed5 ch\u1ee9c v\u1edbi s\u1ef1 h\u1ee3p t\u00e1c c\u1ee7a <strong>Viet-It Wines<\/strong> v\u00e0 <strong>Caff\u00e8 Italia<\/strong>.<\/p>\n<p>V\u00e9 v\u00e0o c\u1eeda mi\u1ec5n ph\u00ed, <strong>vui l\u00f2ng x\u00e1c nh\u1eadn s\u1ef1 tham gia c\u1ee7a b\u1ea1n<\/strong> b\u1eb1ng c\u00e1ch vi\u1ebft th\u01b0 \u0111\u1ebfn culturale.hanoi@esteri.it tr\u01b0\u1edbc th\u1ee9 <strong>Ba, ng\u00e0y 17 th\u00e1ng 3<\/strong>. Vi\u1ec7c \u0111\u0103ng k\u00fd s\u1ebd \u0111\u01b0\u1ee3c ch\u1ea5p nh\u1eadn theo th\u1ee9 t\u1ef1 \u01b0u ti\u00ean.<\/p>\n","protected":false},"excerpt":{"rendered":"\u0110\u1ea1i s\u1ee9 qu\u00e1n Italia t\u1ea1i H\u00e0 N\u1ed9i tr\u00e2n tr\u1ecdng m\u1eddi qu\u00fd v\u1ecb \u0111\u1ebfn xem b\u1ed9 phim &#8220;La grande bellezza&#8221; ( v\u1ebb \u0111\u1eb9p tuy\u1ec7t tr\u1ea7n) c\u1ee7a \u0111\u1ea1o di\u1ec5n ng\u01b0\u1eddi \u00dd Paolo Sorrentino, di\u1ec5n ra v\u00e0o Th\u1ee9 S\u00e1u, ng\u00e0y 20 th\u00e1ng 3 n\u0103m 2026, l\u00fac 18:00 t\u1ea1i Casa Italia (18 L\u00ea Ph\u1ee5ng Hi\u1ebfu, Ho\u00e0n Ki\u1ebfm, H\u00e0 N\u1ed9i). [&hellip;]","protected":false},"author":19,"featured_media":9434,"comment_status":"closed","ping_status":"closed","sticky":false,"template":"","format":"standard","meta":{"footnotes":""},"tags":[],"class_list":["post-9451","post","type-post","status-publish","format-standard","has-post-thumbnail","hentry"],"_links":{"self":[{"href":"https:\/\/ambhanoi.esteri.it\/vi\/wp-json\/wp\/v2\/posts\/9451","targetHints":{"allow":["GET"]}}],"collection":[{"href":"https:\/\/ambhanoi.esteri.it\/vi\/wp-json\/wp\/v2\/posts"}],"about":[{"href":"https:\/\/ambhanoi.esteri.it\/vi\/wp-json\/wp\/v2\/types\/post"}],"author":[{"embeddable":true,"href":"https:\/\/ambhanoi.esteri.it\/vi\/wp-json\/wp\/v2\/users\/19"}],"replies":[{"embeddable":true,"href":"https:\/\/ambhanoi.esteri.it\/vi\/wp-json\/wp\/v2\/comments?post=9451"}],"version-history":[{"count":1,"href":"https:\/\/ambhanoi.esteri.it\/vi\/wp-json\/wp\/v2\/posts\/9451\/revisions"}],"predecessor-version":[{"id":9453,"href":"https:\/\/ambhanoi.esteri.it\/vi\/wp-json\/wp\/v2\/posts\/9451\/revisions\/9453"}],"wp:featuredmedia":[{"embeddable":true,"href":"https:\/\/ambhanoi.esteri.it\/vi\/wp-json\/wp\/v2\/media\/9434"}],"wp:attachment":[{"href":"https:\/\/ambhanoi.esteri.it\/vi\/wp-json\/wp\/v2\/media?parent=9451"}],"wp:term":[{"taxonomy":"post_tag","embeddable":true,"href":"https:\/\/ambhanoi.esteri.it\/vi\/wp-json\/wp\/v2\/tags?post=9451"}],"curies":[{"name":"wp","href":"https:\/\/api.w.org\/{rel}","templated":true}]}}