{"id":8478,"date":"2025-09-12T14:00:26","date_gmt":"2025-09-12T07:00:26","guid":{"rendered":"https:\/\/ambhanoi.esteri.it\/news\/dall_ambasciata\/2025\/09\/chiusura-dei-centri-visti-di-haiphong-can-tho-e-vung-tau-a-partire-dal-1-ottobre-2025\/"},"modified":"2025-09-12T14:06:02","modified_gmt":"2025-09-12T07:06:02","slug":"chiusura-dei-centri-visti-di-haiphong-can-tho-e-vung-tau-a-partire-dal-1-ottobre-2025","status":"publish","type":"post","link":"https:\/\/ambhanoi.esteri.it\/vi\/news\/dall_ambasciata\/2025\/09\/chiusura-dei-centri-visti-di-haiphong-can-tho-e-vung-tau-a-partire-dal-1-ottobre-2025\/","title":{"rendered":"Trung t\u00e2m Ti\u1ebfp nh\u1eadn H\u1ed3 s\u01a1 Th\u1ecb th\u1ef1c t\u1ea1i H\u1ea3i Ph\u00f2ng, C\u1ea7n Th\u01a1 v\u00e0 V\u0169ng T\u00e0u s\u1ebd \u0111\u00f3ng c\u1eeda k\u1ec3 t\u1eeb ng\u00e0y 1 th\u00e1ng 10 n\u0103m 2025"},"content":{"rendered":"<p>Ch\u00fang t\u00f4i xin th\u00f4ng b\u00e1o, k\u1ec3 t\u1eeb ng\u00e0y 1 th\u00e1ng 10 n\u0103m 2025, c\u00e1c Trung t\u00e2m Ti\u1ebfp nh\u1eadn H\u1ed3 s\u01a1 Th\u1ecb th\u1ef1c do VFS Global v\u1eadn h\u00e0nh t\u1ea1i H\u1ea3i Ph\u00f2ng, C\u1ea7n Th\u01a1 v\u00e0 V\u0169ng T\u00e0u s\u1ebd ng\u1eebng ho\u1ea1t \u0111\u1ed9ng.<\/p>\n<p>Ng\u01b0\u1eddi n\u1ed9p \u0111\u01a1n xin th\u1ecb th\u1ef1c c\u00f3 th\u1ec3 ti\u1ebfp t\u1ee5c n\u1ed9p h\u1ed3 s\u01a1 t\u1ea1i Trung t\u00e2m Ti\u1ebfp nh\u1eadn H\u1ed3 s\u01a1 Th\u1ecb th\u1ef1c t\u1ea1i H\u00e0 N\u1ed9i (T\u1ea7ng 3, T\u00f2a nh\u00e0 Ocean Park, s\u1ed1 1 \u0110\u00e0o Duy Anh, \u0110\u1ed1ng \u0110a) n\u1ebfu c\u01b0 tr\u00fa trong ph\u1ea1m vi l\u00e3nh s\u1ef1 c\u1ee7a \u0110\u1ea1i s\u1ee9 qu\u00e1n Italia t\u1ea1i H\u00e0 N\u1ed9i, ho\u1eb7c t\u1ea1i c\u00e1c Trung t\u00e2m Ti\u1ebfp nh\u1eadn H\u1ed3 s\u01a1 Th\u1ecb th\u1ef1c t\u1ea1i Th\u00e0nh ph\u1ed1 H\u1ed3 Ch\u00ed Minh (T\u1ea7ng 11, T\u00f2a nh\u00e0 President Place, s\u1ed1 93 Nguy\u1ec5n Du, B\u1ebfn Ngh\u00e9, Qu\u1eadn 1) v\u00e0 \u0110\u00e0 N\u1eb5ng (T\u1ea7ng 8, Khu ph\u1ee9c h\u1ee3p B\u1ea1ch \u0110\u1eb1ng, s\u1ed1 50 B\u1ea1ch \u0110\u1eb1ng, H\u1ea3i Ch\u00e2u) n\u1ebfu c\u01b0 tr\u00fa trong ph\u1ea1m vi l\u00e3nh s\u1ef1 c\u1ee7a T\u1ed5ng L\u00e3nh s\u1ef1 qu\u00e1n Italia t\u1ea1i Th\u00e0nh ph\u1ed1 H\u1ed3 Ch\u00ed Minh. Vui l\u00f2ng \u0111\u1eb7t l\u1ecbch h\u1eb9n tr\u01b0\u1edbc qua trang web: <a href=\"https:\/\/visa.vfsglobal.com\/vnm\/en\/ita\">https:\/\/visa.vfsglobal.com\/vnm\/en\/ita<\/a>.<\/p>\n<p>\u0110\u1ec3 bi\u1ebft th\u00eam th\u00f4ng tin v\u1ec1 th\u1ee7 t\u1ee5c xin th\u1ecb th\u1ef1c, ng\u01b0\u1eddi n\u1ed9p \u0111\u01a1n \u0111\u01b0\u1ee3c m\u1eddi tham kh\u1ea3o trang web c\u1ee7a \u0110\u1ea1i s\u1ee9 qu\u00e1n (<a href=\"https:\/\/ambhanoi.esteri.it\/en\/servizi-consolari-e-visti\/servizi-per-il-cittadino-straniero\/visti\/\">https:\/\/ambhanoi.esteri.it\/en\/servizi-consolari-e-visti\/servizi-per-il-cittadino-straniero\/visti\/<\/a>) v\u00e0 T\u1ed5ng l\u00e3nh s\u1ef1 qu\u00e1n (<a href=\"https:\/\/conshochiminh.esteri.it\/en\/servizi-consolari-e-visti\/servizi-per-il-cittadino-straniero\/visti\/\">https:\/\/conshochiminh.esteri.it\/en\/servizi-consolari-e-visti\/servizi-per-il-cittadino-straniero\/visti\/<\/a>).<\/p>\n","protected":false},"excerpt":{"rendered":"Ch\u00fang t\u00f4i xin th\u00f4ng b\u00e1o, k\u1ec3 t\u1eeb ng\u00e0y 1 th\u00e1ng 10 n\u0103m 2025, c\u00e1c Trung t\u00e2m Ti\u1ebfp nh\u1eadn H\u1ed3 s\u01a1 Th\u1ecb th\u1ef1c do VFS Global v\u1eadn h\u00e0nh t\u1ea1i H\u1ea3i Ph\u00f2ng, C\u1ea7n Th\u01a1 v\u00e0 V\u0169ng T\u00e0u s\u1ebd ng\u1eebng ho\u1ea1t \u0111\u1ed9ng. Ng\u01b0\u1eddi n\u1ed9p \u0111\u01a1n xin th\u1ecb th\u1ef1c c\u00f3 th\u1ec3 ti\u1ebfp t\u1ee5c n\u1ed9p h\u1ed3 s\u01a1 t\u1ea1i Trung t\u00e2m [&hellip;]","protected":false},"author":4,"featured_media":8469,"comment_status":"closed","ping_status":"closed","sticky":false,"template":"","format":"standard","meta":{"footnotes":""},"tags":[12],"class_list":["post-8478","post","type-post","status-publish","format-standard","has-post-thumbnail","hentry","tag-italiani-nel-mondo"],"_links":{"self":[{"href":"https:\/\/ambhanoi.esteri.it\/vi\/wp-json\/wp\/v2\/posts\/8478","targetHints":{"allow":["GET"]}}],"collection":[{"href":"https:\/\/ambhanoi.esteri.it\/vi\/wp-json\/wp\/v2\/posts"}],"about":[{"href":"https:\/\/ambhanoi.esteri.it\/vi\/wp-json\/wp\/v2\/types\/post"}],"author":[{"embeddable":true,"href":"https:\/\/ambhanoi.esteri.it\/vi\/wp-json\/wp\/v2\/users\/4"}],"replies":[{"embeddable":true,"href":"https:\/\/ambhanoi.esteri.it\/vi\/wp-json\/wp\/v2\/comments?post=8478"}],"version-history":[{"count":1,"href":"https:\/\/ambhanoi.esteri.it\/vi\/wp-json\/wp\/v2\/posts\/8478\/revisions"}],"predecessor-version":[{"id":8483,"href":"https:\/\/ambhanoi.esteri.it\/vi\/wp-json\/wp\/v2\/posts\/8478\/revisions\/8483"}],"wp:featuredmedia":[{"embeddable":true,"href":"https:\/\/ambhanoi.esteri.it\/vi\/wp-json\/wp\/v2\/media\/8469"}],"wp:attachment":[{"href":"https:\/\/ambhanoi.esteri.it\/vi\/wp-json\/wp\/v2\/media?parent=8478"}],"wp:term":[{"taxonomy":"post_tag","embeddable":true,"href":"https:\/\/ambhanoi.esteri.it\/vi\/wp-json\/wp\/v2\/tags?post=8478"}],"curies":[{"name":"wp","href":"https:\/\/api.w.org\/{rel}","templated":true}]}}