{"id":8095,"date":"2025-07-02T16:20:35","date_gmt":"2025-07-02T09:20:35","guid":{"rendered":"https:\/\/ambhanoi.esteri.it\/news\/dall_ambasciata\/2025\/07\/visita-del-sottosegretario-di-stato-alla-difesa-on-matteo-perego-di-cremnago-in-vietnam-1-2-luglio-2025\/"},"modified":"2025-07-02T16:23:41","modified_gmt":"2025-07-02T09:23:41","slug":"visita-del-sottosegretario-di-stato-alla-difesa-on-matteo-perego-di-cremnago-in-vietnam-1-2-luglio-2025","status":"publish","type":"post","link":"https:\/\/ambhanoi.esteri.it\/vi\/news\/dall_ambasciata\/2025\/07\/visita-del-sottosegretario-di-stato-alla-difesa-on-matteo-perego-di-cremnago-in-vietnam-1-2-luglio-2025\/","title":{"rendered":"Chuy\u1ebfn th\u0103m c\u1ee7a Th\u1ee9 tr\u01b0\u1edfng B\u1ed9 Qu\u1ed1c ph\u00f2ng, Ng\u00e0i Matteo Perego di Cremnago, t\u1edbi Vi\u1ec7t Nam (ng\u00e0y 1-2 th\u00e1ng 7 n\u0103m 2025)"},"content":{"rendered":"<p>Di\u1ec5n \u0111\u00e0n Italy-Vi\u1ec7t Nam v\u1ec1 C\u00f4ng nghi\u1ec7p Qu\u1ed1c ph\u00f2ng l\u1ea7n th\u1ee9 hai \u0111\u00e3 di\u1ec5n ra v\u00e0o ng\u00e0y 1 th\u00e1ng 7, v\u1edbi s\u1ef1 hi\u1ec7n di\u1ec7n c\u1ee7a Th\u1ee9 tr\u01b0\u1edfng B\u1ed9 Qu\u1ed1c ph\u00f2ng, Ng\u00e0i Matteo Perego di Cremnago.<\/p>\n<p>Trong b\u00e0i ph\u00e1t bi\u1ec3u khai m\u1ea1c, Th\u1ee9 tr\u01b0\u1edfng Perego \u0111\u00e3 nh\u1ea5n m\u1ea1nh r\u1eb1ng &#8220;nh\u1eefng kho\u1ea3nh kh\u1eafc th\u1ea3o lu\u1eadn nh\u01b0 th\u1ebf n\u00e0y \u0111\u1ea1i di\u1ec7n cho m\u1ed9t c\u01a1 h\u1ed9i qu\u00fd gi\u00e1 \u0111\u1ec3 th\u00fac \u0111\u1ea9y h\u1ee3p t\u00e1c c\u00f3 c\u1ea5u tr\u00fac v\u00e0 c\u00f9ng c\u00f3 l\u1ee3i, c\u00f3 kh\u1ea3 n\u0103ng t\u0103ng c\u01b0\u1eddng s\u1ef1 hi\u1ec3u bi\u1ebft gi\u1eefa hai qu\u1ed1c gia v\u00e0 t\u1ea1o ra s\u1ef1 ph\u1ed1i h\u1ee3p hi\u1ec7u qu\u1ea3 trong l\u0129nh v\u1ef1c qu\u1ed1c ph\u00f2ng&#8221;.<\/p>\n<p>Th\u1ee9 tr\u01b0\u1edfng \u0111\u01b0\u1ee3c th\u00e1p t\u00f9ng b\u1edfi m\u1ed9t ph\u00e1i \u0111o\u00e0n t\u1eeb B\u1ed9 T\u1ed5ng tham m\u01b0u Qu\u1ed1c ph\u00f2ng v\u00e0 m\u1ed9t ph\u00e1i \u0111o\u00e0n t\u1eeb T\u1ed5ng c\u1ee5c V\u0169 kh\u00ed Qu\u1ed1c gia. \u0110\u1ea1i di\u1ec7n c\u1ee7a m\u1ed9t s\u1ed1 c\u00f4ng ty Italy quan tr\u1ecdng nh\u1ea5t trong l\u0129nh v\u1ef1c qu\u1ed1c ph\u00f2ng c\u0169ng tham gia v\u00e0o ng\u00e0y n\u00e0y, bao g\u1ed3m Eldes, Elettronica, Fincantieri, Intermarine v\u00e0 Leonardo.<\/p>\n<p>Nhi\u1ec7m v\u1ee5 c\u1ee7a Th\u1ee9 tr\u01b0\u1edfng Perego l\u00e0 m\u1ed9t ph\u1ea7n c\u1ee7a ho\u1ea1t \u0111\u1ed9ng nh\u1eb1m c\u1ee7ng c\u1ed1 h\u01a1n n\u1eefa m\u1ed1i quan h\u1ec7 song ph\u01b0\u01a1ng tuy\u1ec7t v\u1eddi gi\u1eefa \u00dd v\u00e0 Vi\u1ec7t Nam v\u00e0 nh\u1eb1m m\u1ee5c \u0111\u00edch kh\u00e1m ph\u00e1, trong khu\u00f4n kh\u1ed5 l\u1edbn h\u01a1n l\u00e0 \u0111\u1ed5i m\u1edbi n\u0103ng l\u1ef1c qu\u1ed1c ph\u00f2ng c\u1ee7a Vi\u1ec7t Nam, c\u00e1c l\u0129nh v\u1ef1c h\u1ee3p t\u00e1c m\u1edbi gi\u1eefa c\u00e1c ng\u00e0nh c\u00f4ng nghi\u1ec7p chung. V\u1ec1 v\u1ea5n \u0111\u1ec1 n\u00e0y, Th\u1ee9 tr\u01b0\u1edfng Perego nh\u1ea5n m\u1ea1nh c\u00e1ch &#8220;Italy, c\u0169ng th\u00f4ng qua ng\u00e0nh c\u00f4ng nghi\u1ec7p qu\u1ed1c gia, \u0111\u00e3 ph\u00e1t tri\u1ec3n c\u00e1c n\u0103ng l\u1ef1c tuy\u1ec7t v\u1eddi trong m\u1ecdi l\u0129nh v\u1ef1c v\u00e0 chi\u1ec1u h\u01b0\u1edbng nh\u1edd v\u00e0o s\u1ef1 h\u1ee3p t\u00e1c ng\u00e0y c\u00e0ng t\u0103ng gi\u1eefa Qu\u1ed1c ph\u00f2ng v\u00e0 c\u01a1 c\u1ea5u c\u00f4ng nghi\u1ec7p&#8221;.<\/p>\n<p>V\u00e0o \u0111\u1ea7u ng\u00e0y th\u1ee9 hai c\u1ee7a nhi\u1ec7m v\u1ee5, Th\u1ee9 tr\u01b0\u1edfng Perego \u0111\u00e3 khai m\u1ea1c phi\u00ean b\u1ea3n th\u1ee9 n\u0103m c\u1ee7a \u0110\u1ed1i tho\u1ea1i Ch\u00ednh s\u00e1ch Qu\u1ed1c ph\u00f2ng gi\u1eefa Italy v\u00e0 Vi\u1ec7t Nam, nh\u1eafc l\u1ea1i nhu c\u1ea7u t\u0103ng c\u01b0\u1eddng h\u1ee3p t\u00e1c qu\u1ed1c t\u1ebf \u0111\u1ec3 \u0111\u1ea3m b\u1ea3o s\u1ef1 \u1ed5n \u0111\u1ecbnh v\u00e0 c\u00e2n b\u1eb1ng to\u00e0n c\u1ea7u.<\/p>\n<p>Trong b\u00e0i ph\u00e1t bi\u1ec3u c\u1ee7a m\u00ecnh, \u00f4ng \u0111\u00e3 nh\u1ea5n m\u1ea1nh vai tr\u00f2 ng\u00e0y c\u00e0ng chi\u1ebfn l\u01b0\u1ee3c c\u1ee7a khu v\u1ef1c \u1ea4n \u0110\u1ed9 D\u01b0\u01a1ng &#8211; Th\u00e1i B\u00ecnh D\u01b0\u01a1ng, v\u00e0 \u0111\u1eb7c bi\u1ec7t l\u00e0 \u0110\u00f4ng Nam \u00c1, \u0111\u1ed1i v\u1edbi \u0111\u1ed9ng l\u1ef1c to\u00e0n c\u1ea7u trong t\u01b0\u01a1ng lai. &#8220;Trong b\u1ed1i c\u1ea3nh c\u1ea1nh tranh ng\u00e0y c\u00e0ng gia t\u0103ng v\u00e0 nh\u1eefng thay \u0111\u1ed5i nhanh ch\u00f3ng v\u1ec1 c\u00f4ng ngh\u1ec7, vi\u1ec7c duy tr\u00ec h\u00f2a b\u00ecnh v\u00e0 \u1ed5n \u0111\u1ecbnh trong khu v\u1ef1c n\u00e0y l\u00e0 \u0111i\u1ec1u c\u1ea7n thi\u1ebft. T\u00e1c \u0111\u1ed9ng c\u1ee7a b\u1ea5t k\u1ef3 c\u0103ng th\u1eb3ng khu v\u1ef1c n\u00e0o c\u0169ng s\u1ebd lan r\u1ed9ng \u0111\u1ebfn t\u1eadn \u0110\u1ecba Trung H\u1ea3i r\u1ed9ng l\u1edbn h\u01a1n, m\u1ed9t khu v\u1ef1c m\u00e0 Italy quan t\u00e2m h\u00e0ng \u0111\u1ea7u&#8221;.<\/p>\n<p>&nbsp;<\/p>\n<p>Trong nh\u1eefng n\u0103m g\u1ea7n \u0111\u00e2y, h\u1ee3p t\u00e1c gi\u1eefa Italy v\u00e0 Vi\u1ec7t Nam, m\u1ed9t qu\u1ed1c gia h\u00e0ng \u0111\u1ea7u trong ASEAN, \u0111\u00e3 ch\u1ee9ng ki\u1ebfn \u200b\u200bs\u1ef1 ph\u00e1t tri\u1ec3n li\u00ean t\u1ee5c v\u00e0 t\u00edch c\u1ef1c r\u00f5 r\u1ec7t. \u201cCu\u1ed9c \u0111\u1ed1i tho\u1ea1i h\u00f4m nay \u0111\u1ea1i di\u1ec7n cho s\u1ef1 ph\u00e1t tri\u1ec3n t\u1ef1 nhi\u00ean c\u1ee7a m\u1ed9t s\u1ef1 so s\u00e1nh chi\u1ebfn l\u01b0\u1ee3c m\u00e0 ch\u00fang t\u00f4i hy v\u1ecdng s\u1ebd \u0111\u01b0\u1ee3c c\u1ee7ng c\u1ed1 h\u01a1n n\u1eefa, gi\u00fap Quan h\u1ec7 \u0111\u1ed1i t\u00e1c chi\u1ebfn l\u01b0\u1ee3c gi\u1eefa hai n\u01b0\u1edbc ng\u00e0y c\u00e0ng v\u1eefng ch\u1eafc, c\u00f3 c\u1ea5u tr\u00fac v\u00e0 c\u00f3 l\u1ee3i cho c\u1ea3 hai b\u00ean\u201d \u2013 Th\u1ee9 tr\u01b0\u1edfng Perego n\u00f3i th\u00eam.<\/p>\n<p>Trong chuy\u1ebfn c\u00f4ng t\u00e1c, Th\u1ee9 tr\u01b0\u1edfng c\u0169ng \u0111\u00e3 g\u1eb7p B\u1ed9 tr\u01b0\u1edfng Qu\u1ed1c ph\u00f2ng Vi\u1ec7t Nam, \u0110\u1ea1i t\u01b0\u1edbng Phan V\u0103n Giang. Cu\u1ed9c g\u1eb7p khuy\u1ebfn kh\u00edch trao \u0111\u1ed5i quan \u0111i\u1ec3m v\u1ec1 b\u1ed1i c\u1ea3nh qu\u1ed1c t\u1ebf hi\u1ec7n t\u1ea1i v\u00e0 cho ph\u00e9p t\u00e1i kh\u1eb3ng \u0111\u1ecbnh cam k\u1ebft c\u1ee7a B\u1ed9 Qu\u1ed1c ph\u00f2ng Italy \u0111\u1ed1i v\u1edbi \u0111\u1ed1i tho\u1ea1i v\u00e0 h\u1ee3p t\u00e1c \u0111a ph\u01b0\u01a1ng. B\u1ed9 tr\u01b0\u1edfng Giang b\u00e0y t\u1ecf s\u1ef1 \u0111\u00e1nh gi\u00e1 cao s\u00e2u s\u1eafc \u0111\u1ed1i v\u1edbi s\u1ef1 hi\u1ec7n di\u1ec7n c\u1ee7a c\u00e1c t\u00e0i s\u1ea3n Qu\u1ed1c ph\u00f2ng Italy trong khu v\u1ef1c, trong b\u1ed1i c\u1ea3nh c\u00e1c ho\u1ea1t \u0111\u1ed9ng ngo\u1ea1i giao h\u1ea3i qu\u00e2n g\u1ea7n \u0111\u00e2y c\u1ee7a Italy.<\/p>\n<p>Chuy\u1ebfn th\u0103m c\u1ee7a Th\u1ee9 tr\u01b0\u1edfng k\u1ebft th\u00fac t\u1ea1i c\u0103n c\u1ee9 V\u0129nh Ph\u00fac, n\u01a1i \u0111\u00f3ng qu\u00e2n c\u1ee7a L\u1eef \u0111o\u00e0n 113 thu\u1ed9c L\u1ef1c l\u01b0\u1ee3ng t\u1ea5n c\u00f4ng m\u1eb7t \u0111\u1ea5t \u0111\u1eb7c bi\u1ec7t c\u1ee7a Vi\u1ec7t Nam, n\u01a1i c\u00f3 th\u1ec3 hi\u1ec3u s\u00e2u h\u01a1n v\u1ec1 n\u0103ng l\u1ef1c t\u00e1c chi\u1ebfn v\u00e0 ti\u00eau chu\u1ea9n hu\u1ea5n luy\u1ec7n c\u1ee7a m\u1ed9t trong nh\u1eefng \u0111\u01a1n v\u1ecb tinh nhu\u1ec7 c\u1ee7a l\u1ef1c l\u01b0\u1ee3ng v\u0169 trang Vi\u1ec7t Nam.<\/p>\n","protected":false},"excerpt":{"rendered":"Di\u1ec5n \u0111\u00e0n Italy-Vi\u1ec7t Nam v\u1ec1 C\u00f4ng nghi\u1ec7p Qu\u1ed1c ph\u00f2ng l\u1ea7n th\u1ee9 hai \u0111\u00e3 di\u1ec5n ra v\u00e0o ng\u00e0y 1 th\u00e1ng 7, v\u1edbi s\u1ef1 hi\u1ec7n di\u1ec7n c\u1ee7a Th\u1ee9 tr\u01b0\u1edfng B\u1ed9 Qu\u1ed1c ph\u00f2ng, Ng\u00e0i Matteo Perego di Cremnago. Trong b\u00e0i ph\u00e1t bi\u1ec3u khai m\u1ea1c, Th\u1ee9 tr\u01b0\u1edfng Perego \u0111\u00e3 nh\u1ea5n m\u1ea1nh r\u1eb1ng &#8220;nh\u1eefng kho\u1ea3nh kh\u1eafc th\u1ea3o lu\u1eadn nh\u01b0 th\u1ebf [&hellip;]","protected":false},"author":4,"featured_media":8085,"comment_status":"closed","ping_status":"closed","sticky":false,"template":"","format":"standard","meta":{"footnotes":""},"tags":[14],"class_list":["post-8095","post","type-post","status-publish","format-standard","has-post-thumbnail","hentry","tag-politica-estera"],"_links":{"self":[{"href":"https:\/\/ambhanoi.esteri.it\/vi\/wp-json\/wp\/v2\/posts\/8095","targetHints":{"allow":["GET"]}}],"collection":[{"href":"https:\/\/ambhanoi.esteri.it\/vi\/wp-json\/wp\/v2\/posts"}],"about":[{"href":"https:\/\/ambhanoi.esteri.it\/vi\/wp-json\/wp\/v2\/types\/post"}],"author":[{"embeddable":true,"href":"https:\/\/ambhanoi.esteri.it\/vi\/wp-json\/wp\/v2\/users\/4"}],"replies":[{"embeddable":true,"href":"https:\/\/ambhanoi.esteri.it\/vi\/wp-json\/wp\/v2\/comments?post=8095"}],"version-history":[{"count":1,"href":"https:\/\/ambhanoi.esteri.it\/vi\/wp-json\/wp\/v2\/posts\/8095\/revisions"}],"predecessor-version":[{"id":8098,"href":"https:\/\/ambhanoi.esteri.it\/vi\/wp-json\/wp\/v2\/posts\/8095\/revisions\/8098"}],"wp:featuredmedia":[{"embeddable":true,"href":"https:\/\/ambhanoi.esteri.it\/vi\/wp-json\/wp\/v2\/media\/8085"}],"wp:attachment":[{"href":"https:\/\/ambhanoi.esteri.it\/vi\/wp-json\/wp\/v2\/media?parent=8095"}],"wp:term":[{"taxonomy":"post_tag","embeddable":true,"href":"https:\/\/ambhanoi.esteri.it\/vi\/wp-json\/wp\/v2\/tags?post=8095"}],"curies":[{"name":"wp","href":"https:\/\/api.w.org\/{rel}","templated":true}]}}