{"id":7544,"date":"2025-03-19T12:35:06","date_gmt":"2025-03-19T05:35:06","guid":{"rendered":"https:\/\/ambhanoi.esteri.it\/?p=7544"},"modified":"2025-03-27T11:02:24","modified_gmt":"2025-03-27T04:02:24","slug":"ngay-thiet-ke-italia-lan-thu-9-tai-viet-nam","status":"publish","type":"post","link":"https:\/\/ambhanoi.esteri.it\/vi\/news\/dall_ambasciata\/2025\/03\/ngay-thiet-ke-italia-lan-thu-9-tai-viet-nam\/","title":{"rendered":"NG\u00c0Y THI\u1ebeT K\u1ebe ITALIA L\u1ea6N TH\u1ee8 9 T\u1ea0I VI\u1ec6T NAM"},"content":{"rendered":"<p style=\"text-align: justify;\">\u0110\u1ea1i s\u1ee9 qu\u00e1n Italia t\u1ea1i H\u00e0 N\u1ed9i h\u00e2n h\u1ea1nh gi\u1edbi thi\u1ec7u Ng\u00e0y Thi\u1ebft k\u1ebf Italia l\u1ea7n th\u1ee9 9 t\u1ea1i Vi\u1ec7t Nam (GDI). \u0110\u01b0\u1ee3c B\u1ed9 Ngo\u1ea1i giao v\u00e0 H\u1ee3p t\u00e1c Qu\u1ed1c t\u1ebf Italia kh\u1edfi x\u01b0\u1edbng v\u00e0o n\u0103m 2017, Ng\u00e0y Thi\u1ebft k\u1ebf Italia l\u00e0 m\u1ed9t s\u00e1ng ki\u1ebfn th\u01b0\u1eddng ni\u00ean nh\u1eb1m qu\u1ea3ng b\u00e1 nh\u1eefng gi\u00e1 tr\u1ecb l\u1ecbch s\u1eed v\u00e0 hi\u1ec7n \u0111\u1ea1i c\u1ee7a thi\u1ebft k\u1ebf v\u00e0 ki\u1ebfn tr\u00fac Italia tr\u00ean to\u00e0n th\u1ebf gi\u1edbi, \u0111\u1ed3ng th\u1eddi th\u00fac \u0111\u1ea9y nh\u1eefng trao \u0111\u1ed5i kinh nghi\u1ec7m v\u00e0 th\u1ef1c ti\u1ec5n \u0111\u1ed5i m\u1edbi. K\u1ec3 t\u1eeb l\u1ea7n t\u1ed5 ch\u1ee9c \u0111\u1ea7u ti\u00ean v\u00e0o n\u0103m 2017, \u0111\u00e3 c\u00f3 h\u01a1n 1000 s\u1ef1 ki\u1ec7n \u0111\u01b0\u1ee3c t\u1ed5 ch\u1ee9c trong khu\u00f4n kh\u1ed5 s\u00e1ng ki\u1ebfn n\u00e0y th\u00f4ng qua m\u1ea1ng l\u01b0\u1edbi c\u00e1c \u0110\u1ea1i s\u1ee9 qu\u00e1n, L\u00e3nh s\u1ef1 qu\u00e1n v\u00e0 V\u0103n ph\u00f2ng Th\u01b0\u01a1ng v\u1ee5 Italia \u1edf n\u01b0\u1edbc ngo\u00e0i, v\u1edbi s\u1ef1 tham gia c\u1ee7a h\u01a1n 500 nh\u00e0 thi\u1ebft k\u1ebf, ki\u1ebfn tr\u00fac s\u01b0, doanh nh\u00e2n, nh\u00e0 b\u00e1o v\u00e0 chuy\u00ean gia trong ng\u00e0nh.<\/p>\n<p style=\"text-align: justify;\">Ch\u1ee7 \u0111\u1ec1 c\u1ee7a Ng\u00e0y thi\u1ebft k\u1ebf Italia n\u0103m 2025 l\u00e0 &#8220;B\u1ea5t b\u00ecnh \u0111\u1eb3ng \u2013 Thi\u1ebft k\u1ebf v\u00ec m\u1ed9t cu\u1ed9c s\u1ed1ng t\u1ed1t \u0111\u1eb9p h\u01a1n&#8221;. Ch\u1ee7 \u0111\u1ec1 n\u00e0y nh\u1ea5n m\u1ea1nh vai tr\u00f2 c\u1ee7a thi\u1ebft k\u1ebf nh\u01b0 m\u1ed9t c\u00f4ng c\u1ee5 \u0111\u1ec3 c\u1ea3i thi\u1ec7n ch\u1ea5t l\u01b0\u1ee3ng cu\u1ed9c s\u1ed1ng cho con ng\u01b0\u1eddi v\u00e0 \u1ee9ng ph\u00f3 v\u1edbi c\u00e1c ch\u00eanh l\u1ec7ch trong x\u00e3 h\u1ed9i \u0111\u01b0\u01a1ng \u0111\u1ea1i.<\/p>\n<p style=\"text-align: justify;\">Ngo\u00e0i ra, Ng\u00e0y thi\u1ebft k\u1ebf Italia 2025 c\u0169ng l\u00e0 n\u1ec1n t\u1ea3ng nh\u1eb1m t\u00f4n vinh &#8220;Salone del Mobile di Milano&#8221; (H\u1ed9i ch\u1ee3 N\u1ed9i th\u1ea5t Milano di\u1ec5n ra t\u1eeb ng\u00e0y 8-13 th\u00e1ng 4 n\u0103m 2025) v\u00e0 &#8220;Triennale di Milano&#8221; (Tri\u1ec3n l\u00e3m Triennale di Milano di\u1ec5n ra t\u1eeb ng\u00e0y 13 th\u00e1ng 5 \u0111\u1ebfn 9 th\u00e1ng 11 n\u0103m 2025). \u0110\u01b0\u1ee3c th\u00e0nh l\u1eadp v\u00e0o n\u0103m 1961, &#8220;Salone&#8221; l\u00e0 h\u1ed9i ch\u1ee3 th\u01b0\u01a1ng m\u1ea1i h\u00e0ng \u0111\u1ea7u th\u1ebf gi\u1edbi trong l\u0129nh v\u1ef1c thi\u1ebft k\u1ebf v\u00e0 c\u00f4ng nghi\u1ec7p n\u1ed9i th\u1ea5t. Trong khi \u0111\u00f3, tri\u1ec3n l\u00e3m Triennale \u0111\u01b0\u1ee3c t\u1ed5 ch\u1ee9c l\u1ea7n \u0111\u1ea7u v\u00e0o n\u0103m 1923 v\u00e0 \u0111\u01b0\u1ee3c c\u00f4ng nh\u1eadn b\u1edfi Bureau International des Expositions (BIE)- V\u0103n ph\u00f2ng Tri\u1ec3n l\u00e3m Qu\u1ed1c t\u1ebf (BIE), l\u00e0 m\u1ed9t trong nh\u1eefng tri\u1ec3n l\u00e3m ngh\u1ec7 thu\u1eadt l\u1edbn nh\u1ea5t v\u1ec1 thi\u1ebft k\u1ebf t\u1ea1i Italia, di\u1ec5n ra ba n\u0103m m\u1ed9t l\u1ea7n t\u1ea1i Milano.<\/p>\n<p style=\"text-align: justify;\">T\u1ea1i H\u00e0 N\u1ed9i, s\u1ef1 ki\u1ec7n Ng\u00e0y Thi\u1ebft k\u1ebf Italia l\u1ea7n th\u1ee9 9 s\u1ebd bao g\u1ed3m bu\u1ed5i c\u00f4ng chi\u1ebfu m\u1ed9t b\u1ed9 phim t\u00e0i li\u1ec7u v\u1ec1 Tri\u1ec3n l\u00e3m Triennale di Milano. S\u1ef1 ki\u1ec7n s\u1ebd di\u1ec5n ra v\u00e0o l\u00fac 09:30 s\u00e1ng ng\u00e0y 26 th\u00e1ng 3 n\u0103m 2025, t\u1ea1i Tr\u01b0\u1eddng \u0110\u1ea1i h\u1ecdc X\u00e2y d\u1ef1ng H\u00e0 N\u1ed9i (HUCE), \u0111\u01b0\u1ee3c t\u1ed5 ch\u1ee9c v\u1edbi s\u1ef1 h\u1ee3p t\u00e1c c\u1ee7a trienr l\u00e3m Triennale di Milano, Tr\u01b0\u1eddng \u0110\u1ea1i h\u1ecdc X\u00e2y d\u1ef1ng H\u00e0 N\u1ed9i HUCE v\u00e0 Hi\u1ec7p h\u1ed9i Li\u00ean minh Thi\u1ebft k\u1ebf ch\u00e2u \u00c1 (Design Alliance Association of Asia).<\/p>\n<p style=\"text-align: center;\"><strong>* * * *<\/strong><\/p>\n<p style=\"text-align: justify;\">M\u1ecdi y\u00eau c\u1ea7u b\u00e1o ch\u00ed, vui l\u00f2ng li\u00ean h\u1ec7 v\u1edbi B\u1ed9 ph\u1eadn Th\u01b0\u01a1ng m\u1ea1i c\u1ee7a \u0110\u1ea1i s\u1ee9 qu\u00e1n qua email: <a href=\"mailto:commerciale.hanoi@esteri.it\">commerciale.hanoi@esteri.it<\/a><\/p>\n","protected":false},"excerpt":{"rendered":"\u0110\u1ea1i s\u1ee9 qu\u00e1n Italia t\u1ea1i H\u00e0 N\u1ed9i h\u00e2n h\u1ea1nh gi\u1edbi thi\u1ec7u Ng\u00e0y Thi\u1ebft k\u1ebf Italia l\u1ea7n th\u1ee9 9 t\u1ea1i Vi\u1ec7t Nam (GDI). \u0110\u01b0\u1ee3c B\u1ed9 Ngo\u1ea1i giao v\u00e0 H\u1ee3p t\u00e1c Qu\u1ed1c t\u1ebf Italia kh\u1edfi x\u01b0\u1edbng v\u00e0o n\u0103m 2017, Ng\u00e0y Thi\u1ebft k\u1ebf Italia l\u00e0 m\u1ed9t s\u00e1ng ki\u1ebfn th\u01b0\u1eddng ni\u00ean nh\u1eb1m qu\u1ea3ng b\u00e1 nh\u1eefng gi\u00e1 tr\u1ecb l\u1ecbch s\u1eed [&hellip;]","protected":false},"author":5,"featured_media":7517,"comment_status":"closed","ping_status":"closed","sticky":false,"template":"","format":"standard","meta":{"footnotes":""},"tags":[7,8],"class_list":["post-7544","post","type-post","status-publish","format-standard","has-post-thumbnail","hentry","tag-diplomazia-culturale","tag-diplomazia-economica"],"_links":{"self":[{"href":"https:\/\/ambhanoi.esteri.it\/vi\/wp-json\/wp\/v2\/posts\/7544","targetHints":{"allow":["GET"]}}],"collection":[{"href":"https:\/\/ambhanoi.esteri.it\/vi\/wp-json\/wp\/v2\/posts"}],"about":[{"href":"https:\/\/ambhanoi.esteri.it\/vi\/wp-json\/wp\/v2\/types\/post"}],"author":[{"embeddable":true,"href":"https:\/\/ambhanoi.esteri.it\/vi\/wp-json\/wp\/v2\/users\/5"}],"replies":[{"embeddable":true,"href":"https:\/\/ambhanoi.esteri.it\/vi\/wp-json\/wp\/v2\/comments?post=7544"}],"version-history":[{"count":1,"href":"https:\/\/ambhanoi.esteri.it\/vi\/wp-json\/wp\/v2\/posts\/7544\/revisions"}],"predecessor-version":[{"id":7545,"href":"https:\/\/ambhanoi.esteri.it\/vi\/wp-json\/wp\/v2\/posts\/7544\/revisions\/7545"}],"wp:featuredmedia":[{"embeddable":true,"href":"https:\/\/ambhanoi.esteri.it\/vi\/wp-json\/wp\/v2\/media\/7517"}],"wp:attachment":[{"href":"https:\/\/ambhanoi.esteri.it\/vi\/wp-json\/wp\/v2\/media?parent=7544"}],"wp:term":[{"taxonomy":"post_tag","embeddable":true,"href":"https:\/\/ambhanoi.esteri.it\/vi\/wp-json\/wp\/v2\/tags?post=7544"}],"curies":[{"name":"wp","href":"https:\/\/api.w.org\/{rel}","templated":true}]}}