{"id":3636,"date":"2014-05-16T04:12:11","date_gmt":"2014-05-15T21:12:11","guid":{"rendered":"https:\/\/ambhanoi.esteri.it\/news\/dall_ambasciata\/2014\/05\/memoria-notturna-milano-e-roma-2\/"},"modified":"2014-05-16T04:12:11","modified_gmt":"2014-05-15T21:12:11","slug":"memoria-notturna-milano-e-roma-2","status":"publish","type":"post","link":"https:\/\/ambhanoi.esteri.it\/vi\/news\/dall_ambasciata\/2014\/05\/memoria-notturna-milano-e-roma-2\/","title":{"rendered":"K\u00dd \u1ee8C \u0110\u00caM MILANO V\u00c0 ROMA m\u1ed9t d\u1ef1 \u00e1n \u1ea3nh c\u1ee7a PAOLO BELLETTI v\u1edbi c\u1ea3m nh\u1eadn c\u1ee7a GIULIA CAVALIERE di\u1ec5n ra \u0111\u1ebfn ng\u00e0y 22 th\u00e1ng 5 n\u0103m 2014 (Casa Italia &#8211; 18, L\u00ea Ph\u1ee5ng Hi\u1ec3u, H\u00e0 N\u1ed9i)"},"content":{"rendered":"<p><P style=\"TEXT-INDENT: 0in; MARGIN: 0in 0in 0pt\" class=\"MsoBodyTextIndent2\"><FONT color=\"#000000\"><B style=\"mso-bidi-font-weight: normal\"><SPAN style=\"FONT-FAMILY: 'Verdana','sans-serif'; FONT-SIZE: 10pt; mso-ansi-language: IT\" lang=\"IT\">\u201cK\u00fd \u1ee9c \u0111\u00eam. Milano v\u00e0 Roma\u201d <\/SPAN><\/B><SPAN style=\"FONT-FAMILY: 'Verdana','sans-serif'; FONT-SIZE: 10pt; mso-bidi-font-weight: bold; mso-ansi-language: IT\" lang=\"IT\">l\u00e0 m\u1ed9t tuy\u1ec3n t\u1eadp c\u00e1c h\u00ecnh \u1ea3nh v\u00e0 c\u1ea3m nh\u1eadn, \u1ea3nh ch\u1ee5p v\u00e0 tr\u00edch \u0111o\u1ea1n. \u0110\u00f3 l\u00e0 m\u1ed9t c\u00e2u chuy\u1ec7n v\u1ec1 Milano v\u00e0 Roma nh\u01b0ng \u0111\u1ed3ng th\u1eddi c\u00f2n l\u00e0 m\u1ed9t <\/SPAN><\/FONT><SPAN class=\"shorttext\"><SPAN style=\"FONT-FAMILY: 'Verdana','sans-serif'; COLOR: #222222; FONT-SIZE: 10pt; mso-ansi-language: VI\" lang=\"VI\">ch\u00e2n dung tr\u1eebu t\u01b0\u1ee3ng c\u00f3 th\u1ec3 mi\u00eau t\u1ea3 m\u00e0n \u0111\u00eam \u1edf b\u1ea5t k\u1ef3 th\u00e0nh ph\u1ed1 n\u00e0o kh\u00e1c tr\u00ean th\u1ebf gi\u1edbi.<?xml:namespace prefix = \"o\" ns = \"urn:schemas-microsoft-com:office:office\" \/><o:p><\/o:p><\/SPAN><\/SPAN><\/P><P style=\"TEXT-INDENT: 0in; MARGIN: 0in 0in 0pt\" class=\"MsoBodyTextIndent2\"><SPAN class=\"shorttext\"><SPAN style=\"FONT-FAMILY: 'Verdana','sans-serif'; COLOR: #222222; FONT-SIZE: 10pt; mso-ansi-language: VI\" lang=\"VI\">C\u00e1c t\u00e1c ph\u1ea9m ngh\u1ec7 thu\u1eadt xoay quanh \u0111\u00eam, m\u1ed9t khung c\u1ea3nh v\u0129nh h\u1eb1ng v\u1edbi nh\u00e2n lo\u1ea1i, m\u1ed9t ch\u1ee7 \u0111\u1ec1 ph\u1ed5 qu\u00e1t \u0111\u01b0\u1ee3c \u0111\u00fac k\u1ebft v\u00e0 gi\u1ea3i m\u00e3 b\u1edfi nhi\u1ebfp \u1ea3nh gia Paolo Belletti v\u00e0 nh\u00e0 v\u0103n Giulia Cavaliere, d\u1ef1a tr\u00ean c\u00e1c t\u01b0\u01a1ng t\u00e1c v\u00e0 m\u1ed1i quan h\u1ec7 kh\u00e1c nhau m\u00e0 c\u00e1c ngh\u1ec7 s\u0129 \u0111\u00e3<SPAN style=\"mso-spacerun: yes\">\u00a0 <\/SPAN>tr\u1ea3i nghi\u1ec7m t\u1ea1i hai th\u00e0nh ph\u1ed1 c\u1ee7a \u00dd.<o:p><\/o:p><\/SPAN><\/SPAN><\/P><br \/>\n<P style=\"MARGIN: 0in 0in 0pt\" class=\"MsoBodyText2\"><SPAN class=\"shorttext\"><SPAN style=\"FONT-FAMILY: 'Verdana','sans-serif'; FONT-SIZE: 10pt\" lang=\"VI\">Th\u00f4ng qua b\u00f3ng t\u1ed1i c\u1ee7a \u0111\u00eam, d\u1ef1 \u00e1n v\u00e9n b\u1ee9c m\u00e0n cu\u1ed9c s\u1ed1ng ti\u1ec1m \u1ea9n \u0111\u00e1ng ng\u1ea1c nhi\u00ean c\u1ee7a kh\u00f4ng gian \u0111\u00f4 th\u1ecb r\u1ed7ng, m\u1edf \u0111\u01b0\u1eddng cho m\u1ed9t tr\u1ea3i nghi\u1ec7m th\u1ea9m m\u1ef9 v\u00e0 nh\u1eadn th\u1ee9c m\u1edbi cho ng\u01b0\u1eddi xem v\u00e0 c\u00f3 th\u1ec3 cho m\u1ed9t m\u1ed1i quan h\u1ec7 v\u1edbi ch\u00ednh th\u00e0nh ph\u1ed1.<BR><BR><\/SPAN><\/SPAN><SPAN style=\"FONT-FAMILY: 'Verdana','sans-serif'; FONT-SIZE: 10pt\" lang=\"VI\"><o:p><\/o:p><\/SPAN><\/P><br \/>\n<P style=\"TEXT-ALIGN: justify; MARGIN: 0in 0in 0pt\" class=\"MsoNormal\"><SPAN style=\"FONT-VARIANT: normal !important; LAYOUT-GRID-MODE: line; FONT-FAMILY: 'Verdana','sans-serif'; FONT-SIZE: 10pt; mso-bidi-font-weight: normal; mso-ansi-language: VI\" lang=\"VI\"><o:p><FONT color=\"#000000\">\u00a0<\/FONT><\/o:p><\/SPAN><\/P><br \/>\n<P style=\"MARGIN: 0in 0in 0pt\" class=\"MsoBodyText\"><FONT color=\"#000000\"><B><SPAN style=\"FONT-FAMILY: 'Verdana','sans-serif'; FONT-SIZE: 10pt; mso-ansi-language: VI\" lang=\"VI\">Paolo Belletti <\/SPAN><\/B><SPAN style=\"FONT-FAMILY: 'Verdana','sans-serif'; FONT-SIZE: 10pt; mso-ansi-language: VI\" lang=\"VI\">l\u00e0 m\u1ed9t nhi\u1ebfp \u1ea3nh gia 31 tu\u1ed5i, sinh t\u1ea1i Venezia v\u00e0 l\u1edbn l\u00ean t\u1ea1i Padua. T\u1ed1t nghi\u1ec7p ng\u00e0nh Marketing v\u00e0 Chi\u1ebfn l\u01b0\u1ee3c Truy\u1ec1n th\u00f4ng, sau \u0111\u00f3 anh c\u00f2n theo h\u1ecdc t\u1ea1i Vi\u1ec7n Nhi\u1ebfp \u1ea3nh \u00dd t\u1ea1i Milano v\u00e0 Trung t\u00e2m Nhi\u1ebfp \u1ea3nh Qu\u1ed1c t\u1ebf t\u1ea1i New York.<o:p><\/o:p><\/SPAN><\/FONT><\/P><br \/>\n<P style=\"TEXT-ALIGN: justify; MARGIN: 0in 0in 0pt\" class=\"MsoNormal\"><SPAN style=\"FONT-VARIANT: normal !important; LAYOUT-GRID-MODE: line; FONT-FAMILY: 'Verdana','sans-serif'; FONT-SIZE: 10pt; mso-bidi-font-weight: normal\" lang=\"IT\"><FONT color=\"#000000\">Anh c\u1ed9ng t\u00e1c v\u1edbi nhi\u1ec1u t\u1edd b\u00e1o v\u00e0 t\u1ea1p ch\u00ed nh\u01b0 Il Corriere della Sera,<SPAN style=\"mso-spacerun: yes\">\u00a0 <\/SPAN>L\u2019Espresso, Io-Donna, Living, Wu Magazine.<o:p><\/o:p><\/FONT><\/SPAN><\/P><br \/>\n<P style=\"TEXT-ALIGN: justify; MARGIN: 0in 0in 0pt\" class=\"MsoNormal\"><SPAN style=\"FONT-VARIANT: normal !important; LAYOUT-GRID-MODE: line; FONT-FAMILY: 'Verdana','sans-serif'; FONT-SIZE: 10pt; mso-bidi-font-weight: normal\" lang=\"IT\"><FONT color=\"#000000\">C\u00e1c t\u00e1c ph\u1ea9m c\u1ee7a anh \u0111\u01b0\u1ee3c tr\u01b0ng b\u00e0y t\u1ea1i Milano, Roma, Xi an v\u00e0 Muscat.<BR><o:p><BR><\/o:p><\/FONT><\/SPAN><\/P><br \/>\n<P style=\"TEXT-ALIGN: justify; MARGIN: 0in 0in 0pt\" class=\"MsoNormal\"><B><SPAN style=\"FONT-VARIANT: normal !important; LAYOUT-GRID-MODE: line; FONT-FAMILY: 'Verdana','sans-serif'; FONT-SIZE: 10pt\" lang=\"IT\"><o:p><FONT color=\"#000000\">\u00a0<\/FONT><\/o:p><\/SPAN><\/B><\/P><br \/>\n<P style=\"TEXT-ALIGN: justify; MARGIN: 0in 0in 0pt\" class=\"MsoNormal\"><FONT color=\"#000000\"><B><SPAN style=\"FONT-VARIANT: normal !important; LAYOUT-GRID-MODE: line; FONT-FAMILY: 'Verdana','sans-serif'; FONT-SIZE: 10pt\" lang=\"IT\">Giulia Cavaliere<\/SPAN><\/B><SPAN style=\"FONT-VARIANT: normal !important; LAYOUT-GRID-MODE: line; FONT-FAMILY: 'Verdana','sans-serif'; FONT-SIZE: 10pt; mso-bidi-font-weight: normal\" lang=\"IT\">\u00a028 tu\u1ed5i, \u0111\u00e3 theo h\u1ecdc ng\u00e0nh v\u0103n h\u1ecdc \u00dd v\u00e0 \u0111\u1eb7c bi\u1ec7t ch\u00fa tr\u1ecdng v\u1ec1 l\u1ecbch s\u1eed \u0111i\u1ec7n \u1ea3nh, s\u00e2n kh\u1ea5u v\u00e0 ng\u00f4n ng\u1eef truy\u1ec1n h\u00ecnh. C\u00f4 vi\u1ebft v\u1ec1 \u00e2m nh\u1ea1c, s\u00e1ch v\u00e0 v\u0103n h\u00f3a tr\u00ean r\u1ea5t nhi\u1ec1u t\u1ea1p ch\u00ed gi\u1ea5y v\u00e0 t\u1ea1p ch\u00ed on-line. C\u00f4 \u0111\u00e3 xu\u1ea5t b\u1ea3n hai truy\u1ec7n ng\u1eafn. <BR><BR><o:p><\/o:p><\/SPAN><\/FONT><\/P><\/p>\n","protected":false},"excerpt":{"rendered":"\u201cK\u00fd \u1ee9c \u0111\u00eam. Milano v\u00e0 Roma\u201d l\u00e0 m\u1ed9t tuy\u1ec3n t\u1eadp c\u00e1c h\u00ecnh \u1ea3nh v\u00e0 c\u1ea3m nh\u1eadn, \u1ea3nh ch\u1ee5p v\u00e0 tr\u00edch \u0111o\u1ea1n. \u0110\u00f3 l\u00e0 m\u1ed9t c\u00e2u chuy\u1ec7n v\u1ec1 Milano v\u00e0 Roma nh\u01b0ng \u0111\u1ed3ng th\u1eddi c\u00f2n l\u00e0 m\u1ed9t ch\u00e2n dung tr\u1eebu t\u01b0\u1ee3ng c\u00f3 th\u1ec3 mi\u00eau t\u1ea3 m\u00e0n \u0111\u00eam \u1edf b\u1ea5t k\u1ef3 th\u00e0nh ph\u1ed1 n\u00e0o kh\u00e1c tr\u00ean th\u1ebf [&hellip;]","protected":false},"author":1,"featured_media":0,"comment_status":"","ping_status":"","sticky":false,"template":"","format":"standard","meta":{"footnotes":""},"tags":[],"class_list":["post-3636","post","type-post","status-publish","format-standard","hentry"],"_links":{"self":[{"href":"https:\/\/ambhanoi.esteri.it\/vi\/wp-json\/wp\/v2\/posts\/3636","targetHints":{"allow":["GET"]}}],"collection":[{"href":"https:\/\/ambhanoi.esteri.it\/vi\/wp-json\/wp\/v2\/posts"}],"about":[{"href":"https:\/\/ambhanoi.esteri.it\/vi\/wp-json\/wp\/v2\/types\/post"}],"author":[{"embeddable":true,"href":"https:\/\/ambhanoi.esteri.it\/vi\/wp-json\/wp\/v2\/users\/1"}],"replies":[{"embeddable":true,"href":"https:\/\/ambhanoi.esteri.it\/vi\/wp-json\/wp\/v2\/comments?post=3636"}],"version-history":[{"count":0,"href":"https:\/\/ambhanoi.esteri.it\/vi\/wp-json\/wp\/v2\/posts\/3636\/revisions"}],"wp:attachment":[{"href":"https:\/\/ambhanoi.esteri.it\/vi\/wp-json\/wp\/v2\/media?parent=3636"}],"wp:term":[{"taxonomy":"post_tag","embeddable":true,"href":"https:\/\/ambhanoi.esteri.it\/vi\/wp-json\/wp\/v2\/tags?post=3636"}],"curies":[{"name":"wp","href":"https:\/\/api.w.org\/{rel}","templated":true}]}}