{"id":3247,"date":"2016-07-08T11:39:18","date_gmt":"2016-07-08T04:39:18","guid":{"rendered":"https:\/\/ambhanoi.esteri.it\/news\/dall_ambasciata\/2016\/07\/bando-per-progetti-di-ricerca-congiunta-2\/"},"modified":"2016-07-08T11:39:18","modified_gmt":"2016-07-08T04:39:18","slug":"bando-per-progetti-di-ricerca-congiunta-2","status":"publish","type":"post","link":"https:\/\/ambhanoi.esteri.it\/vi\/news\/dall_ambasciata\/2016\/07\/bando-per-progetti-di-ricerca-congiunta-2\/","title":{"rendered":"TH\u00d4NG B\u00c1O K\u00caU G\u1eccI \u0110\u1ec0 XU\u1ea4T \u0110\u1ec0 T\u00c0I D\u1ef0 \u00c1N NGHI\u00caN C\u1ee8U KHOA H\u1eccC CHUNG GI\u1eeeA ITALIA V\u00c0 VIET NAM"},"content":{"rendered":"<p>TH\u00d4NG B\u00c1O K\u00caU G\u1eccI \u0110\u1ec0 XU\u1ea4T \u0110\u1ec0 T\u00c0I D\u1ef0 \u00c1N NGHI\u00caN C\u1ee8U KHOA H\u1eccC CHUNG GI\u1eeeA ITALIA V\u00c0 VIET NAM \u0111\u00e3 \u0111\u01b0\u1ee3c m\u1edf t\u1edbi ng\u00e0y 30 th\u00e1ng 8 n\u0103m 2016, v\u1edbi m\u1ee5c \u0111\u00edch khuy\u1ebfn kh\u00edch h\u1ee3p t\u00e1c khoa h\u1ecdc c\u00f4ng ngh\u1ec7 gi\u1eefa hai n\u01b0\u1edbc, \u0111\u1ec3 kh\u1edfi \u0111\u1ed9ng gia h\u1ea1n Ngh\u1ecb \u0111\u1ecbnh th\u01b0 th\u1ef1c hi\u1ec7n ch\u01b0\u01a1ng tr\u00ecnh H\u1ee3p t\u00e1c Khoa h\u1ecdc C\u00f4ng ngh\u1ec7 song ph\u01b0\u01a1ng giai \u0111o\u1ea1n ba n\u0103m 2017-2019.<\/p>\n<p>\u0110\u1ec3 tham kh\u1ea3o th\u00eam th\u00f4ng tin v\u1ec1 th\u00f4ng b\u00e1o xin m\u1eddi xem \u0111\u01b0\u1eddng link:<\/p>\n<p><a href=\"http:\/\/www.most.gov.vn\/Desktop.aspx\/Thong_bao\/Thong-bao\/Chuong_trinh_hop_tac_KHCN_Viet_Nam-Itaty_Thong_bao_keu_goi_de_xuat_de_tai_du_an_KHCN_theo_Nghi_dinh_thu\/\">http:\/\/www.most.gov.vn\/Desktop.aspx\/Thong_bao\/Thong-bao\/Chuong_trinh_hop_tac_KHCN_Viet_Nam-Itaty_Thong_bao_keu_goi_de_xuat_de_tai_du_an_KHCN_theo_Nghi_dinh_thu\/<\/a><\/p>\n<p>\u0110\u00e2y l\u00e0 m\u1ed9t \u0111\u1ed9ng l\u1ef1c m\u1edbi qu\u00fd gi\u00e1, l\u00e0 t\u00edn hi\u1ec7u cho m\u1ed9t s\u1ef1 \u0111\u1ed5i m\u1edbi, \u0111\u00e0o t\u1ea1o v\u00e0 \u0111\u1ed1i tho\u1ea1i v\u0103n h\u00f3a h\u00e0n l\u00e2m b\u1ed5 sung v\u00e0o m\u1ed1i quan h\u1ec7 \u0111\u1ed1i t\u00e1c chi\u1ebfn l\u01b0\u1ee3c \u0111\u00e3 c\u00f3 gi\u1eefa Italia v\u00e0 Viet Nam, nh\u1eb1m ti\u1ebfn t\u1edbi c\u00e1c m\u1ee5c ti\u00eau ng\u00e0y c\u00e0ng tham v\u1ecdng h\u01a1n.<\/p>\n","protected":false},"excerpt":{"rendered":"TH\u00d4NG B\u00c1O K\u00caU G\u1eccI \u0110\u1ec0 XU\u1ea4T \u0110\u1ec0 T\u00c0I D\u1ef0 \u00c1N NGHI\u00caN C\u1ee8U KHOA H\u1eccC CHUNG GI\u1eeeA ITALIA V\u00c0 VIET NAM \u0111\u00e3 \u0111\u01b0\u1ee3c m\u1edf t\u1edbi ng\u00e0y 30 th\u00e1ng 8 n\u0103m 2016, v\u1edbi m\u1ee5c \u0111\u00edch khuy\u1ebfn kh\u00edch h\u1ee3p t\u00e1c khoa h\u1ecdc c\u00f4ng ngh\u1ec7 gi\u1eefa hai n\u01b0\u1edbc, \u0111\u1ec3 kh\u1edfi \u0111\u1ed9ng gia h\u1ea1n Ngh\u1ecb \u0111\u1ecbnh th\u01b0 th\u1ef1c hi\u1ec7n ch\u01b0\u01a1ng [&hellip;]","protected":false},"author":1,"featured_media":0,"comment_status":"","ping_status":"","sticky":false,"template":"","format":"standard","meta":{"footnotes":""},"tags":[],"class_list":["post-3247","post","type-post","status-publish","format-standard","hentry"],"_links":{"self":[{"href":"https:\/\/ambhanoi.esteri.it\/vi\/wp-json\/wp\/v2\/posts\/3247","targetHints":{"allow":["GET"]}}],"collection":[{"href":"https:\/\/ambhanoi.esteri.it\/vi\/wp-json\/wp\/v2\/posts"}],"about":[{"href":"https:\/\/ambhanoi.esteri.it\/vi\/wp-json\/wp\/v2\/types\/post"}],"author":[{"embeddable":true,"href":"https:\/\/ambhanoi.esteri.it\/vi\/wp-json\/wp\/v2\/users\/1"}],"replies":[{"embeddable":true,"href":"https:\/\/ambhanoi.esteri.it\/vi\/wp-json\/wp\/v2\/comments?post=3247"}],"version-history":[{"count":0,"href":"https:\/\/ambhanoi.esteri.it\/vi\/wp-json\/wp\/v2\/posts\/3247\/revisions"}],"wp:attachment":[{"href":"https:\/\/ambhanoi.esteri.it\/vi\/wp-json\/wp\/v2\/media?parent=3247"}],"wp:term":[{"taxonomy":"post_tag","embeddable":true,"href":"https:\/\/ambhanoi.esteri.it\/vi\/wp-json\/wp\/v2\/tags?post=3247"}],"curies":[{"name":"wp","href":"https:\/\/api.w.org\/{rel}","templated":true}]}}