{"id":1915,"date":"2021-05-31T14:14:52","date_gmt":"2021-05-31T07:14:52","guid":{"rendered":"https:\/\/ambhanoi.esteri.it\/news\/dall_ambasciata\/2021\/05\/festa-nazionale-del-2-giugno-2021-2\/"},"modified":"2021-05-31T14:14:52","modified_gmt":"2021-05-31T07:14:52","slug":"festa-nazionale-del-2-giugno-2021-2","status":"publish","type":"post","link":"https:\/\/ambhanoi.esteri.it\/vi\/news\/dall_ambasciata\/2021\/05\/festa-nazionale-del-2-giugno-2021-2\/","title":{"rendered":"Qu\u1ed1c kh\u00e1nh ng\u00e0y 2 th\u00e1ng 6 n\u0103m 2021"},"content":{"rendered":"<p>V\u00ec l\u00ed do d\u1ecbch b\u1ec7nh n\u00ean vi\u1ec7c t\u1ed5 ch\u1ee9c k\u1ec9 ni\u1ec7m Qu\u1ed1c kh\u00e1nh nh\u01b0 m\u1ecdi n\u0103m s\u1ebd kh\u00f4ng di\u1ec5n ra.<\/p>\n<p style=\"text-align: justify;\">\u0110\u1ec3 c\u00f9ng nhau k\u1ec9 ni\u1ec7m 75 n\u0103m Qu\u1ed1c kh\u00e1nh n\u01b0\u1edbc C\u1ed9ng h\u00f2a Italia, ch\u00fang t\u00f4i \u0111\u00e3 chu\u1ea9n b\u1ecb <a href=\"resource\/doc\/2021\/06\/programma_2_giugno_2021_vnm_def.pdf\">ch\u01b0\u01a1ng tr\u00ecnh <\/a>sau.<\/p>\n<p style=\"text-align: justify;\">Ngo\u00e0i c\u00e1c b\u00e0i ph\u00e1t bi\u1ec3u ch\u00ednh th\u1ee9c c\u1ee7a \u0110\u1ea1i s\u1ee9 Alessandro, c\u1ee7a T\u1ed5ng L\u00e3nh s\u1ef1 Brandi v\u00e0 Th\u1ee9 tr\u01b0\u1edfng Ngo\u1ea1i giao T\u00f4 Anh D\u0169ng, ch\u00fang t\u00f4i gi\u1edbi thi\u1ec7u t\u1edbi qu\u00fd v\u1ecb m\u1ed9t b\u1ed9 phim c\u1ee7a \u00dd, \u0111\u1ea1t \u0111\u01b0\u1ee3c nhi\u1ec1u gi\u1ea3i th\u01b0\u1edfng, \u201cNg\u01b0\u1eddi l\u1ea1 ho\u00e0n h\u1ea3o\u201d c\u1ee7a \u0111\u1ea1o di\u1ec5n Paolo Genovese (thuy\u1ebft minh ti\u1ebfng Vi\u1ec7t) v\u00e0 m\u1ed9t b\u00e0i tr\u00ecnh di\u1ec5n \u0111\u1eb7c bi\u1ec7t g\u1eedi t\u1edbi qu\u00fd v\u1ecb v\u1ec1 qu\u1ed1c thi\u1ec1u, \u0111\u01b0\u1ee3c th\u1ec3 hi\u1ec7n t\u1ea1i nhi\u1ec1u \u0111\u1ecba \u0111i\u1ec3m, n\u01a1i c\u00f3 s\u1ef1 hi\u1ec7n di\u1ec7n c\u1ee7a Italia t\u1ea1i H\u00e0 N\u1ed9i. Ng\u00e0y Qu\u1ed1c kh\u00e1nh s\u1ebd k\u1ebft th\u00fac v\u1edbi b\u00e0i ph\u00e1t bi\u1ec3u c\u1ee7a T\u1ed5ng th\u1ed1ng n\u01b0\u1edbc C\u1ed9ng h\u00f2a Italia Sergio Mattarella.<\/p>\n<p style=\"text-align: justify;\">Qu\u00fd v\u1ecb \u0111\u1eebng b\u1ecf l\u1ee1 ch\u01b0\u01a1ng tr\u00ecnh Ti\u1ebfng th\u01a1,ph\u00e1t s\u00f3ng tr\u00ean \u0111\u00e0i ti\u1ebfng n\u00f3i, gi\u1edbi thi\u1ec7u v\u1ec1 \u0110\u1ea1i thi h\u00e0o Dante Alighieri (b\u1eb1ng ti\u1ebfng Vi\u1ec7t).<\/p>\n<p style=\"text-align: justify;\">************<\/p>\n<p style=\"text-align: justify;\">Trailer\u00a0VTV3 phim &#8220;Ng\u01b0\u1eddi l\u1ea1 ho\u00e0n h\u1ea3o\u201d, thuy\u1ebft minh ti\u1ebfng Vi\u1ec7t: <a href=\"https:\/\/youtu.be\/C2VO6t7d7Eg\">https:\/\/youtu.be\/C2VO6t7d7Eg<\/a><\/p>\n<p style=\"text-align: justify;\">Tr\u00ecnh di\u1ec5n Qu\u1ed1c thi\u1ec1u c\u1ee7a Mameli do ngh\u1ec7 s\u0129 Violin Tr\u1ecbnh Minh Hi\u1ec1n: <a href=\"https:\/\/youtu.be\/TWppua8OCJU\">https:\/\/youtu.be\/TWppua8OCJU<\/a><\/p>\n<p>Tr\u00ecnh di\u1ec5n Qu\u1ed1c thi\u1ec1u c\u1ee7a Mameli do D\u00e0n nh\u1ea1c Giovanile Luigi Cherubini bi\u1ec3u di\u1ec5n, d\u01b0\u1edbi s\u1ef1 ch\u1ec9 huy c\u1ee7a nh\u1ea1c tr\u01b0\u1edfng Riccardo Muti v\u00e0 D\u00e0n h\u1ee3p x\u01b0\u1edbng Nh\u00e0 h\u00e1t Municipale di Piacenza: <a href=\"https:\/\/youtu.be\/SdDCBMSCHFg\">https:\/\/youtu.be\/SdDCBMSCHFg<\/a><\/p>\n<p>B\u00e0i ph\u00e1t bi\u1ec3u c\u1ee7a ng\u00e0i Antonio Alessandro, \u0110\u1ea1i s\u1ee9 Italia t\u1ea1i Vi\u1ec7t Nam, \u0111\u01b0\u1ee3c ph\u00e1t tr\u00ean VTV1: <a href=\"https:\/\/youtu.be\/UdPgCXRlMhg\">https:\/\/youtu.be\/UdPgCXRlMhg<\/a><\/p>\n<p>B\u00e0i ph\u00e1t bi\u1ec3u c\u1ee7a Th\u1ee9 tr\u01b0\u1edfng Ngo\u1ea1i giao n\u01b0\u1edbc C\u1ed9ng h\u00f2a X\u00e3 h\u1ed9i Ch\u1ee7 ngh\u0129a Vi\u1ec7t Nam T\u00f4 Anh D\u0169ng: <a href=\"https:\/\/youtu.be\/yfOLNtnOV5s\">https:\/\/youtu.be\/yfOLNtnOV5s<\/a><\/p>\n<p>B\u00e0i ph\u00e1t bi\u1ec3u c\u1ee7a T\u1ed5ng L\u00e3nh s\u1ef1 t\u1ea1i Th\u00e0nh ph\u1ed1 H\u1ed3 Ch\u00ed Minh Dante Brandi: <a href=\"https:\/\/fb.watch\/5ZpLcLh3hq\/\">https:\/\/fb.watch\/5ZpLcLh3hq\/<\/a><\/p>\n<p>Video &#8220;T\u00e1i kh\u1edfi \u0111\u1ed9ng t\u1eeb t\u01b0\u01a1ng lai&#8221;: <a href=\"https:\/\/youtu.be\/8sMQFsiagn0\">https:\/\/youtu.be\/8sMQFsiagn0<\/a><\/p>\n<p>\u0110\u00e3 di\u1ec5n ra bu\u1ed5i h\u00f2a nh\u1ea1c c\u1ee7a Nh\u1ea1c vi\u1ec7n Qu\u1ed1c gia Santa Cecilia v\u00e0 bi\u1ec3u di\u1ec5n ba l\u00ea c\u1ee7a ngh\u1ec7 s\u0129 Roberto Bolle v\u00e0 Virna Toppi: <a href=\"https:\/\/www.quirinale.it\/elementi\/56944?fbclid=IwAR1AJEcyg92gaKxOXTzfOFq-QFe9Gui7nevSr3hqevNwr4dhPChYFD_exeY\">https:\/\/www.quirinale.it\/elementi\/56944?fbclid=IwAR1AJEcyg92gaKxOXTzfOFq-QFe9Gui7nevSr3hqevNwr4dhPChYFD_exeY<\/a><\/p>\n<p>B\u00e0i ph\u00e1t bi\u1ec3u c\u1ee7a T\u1ed5ng th\u1ed1ng n\u01b0\u1edbc C\u1ed9ng h\u00f2a Italia Sergio Mattarella nh\u00e2n d\u1ecbp 75 n\u0103m Qu\u1ed1c kh\u00e1nh n\u01b0\u1edbc C\u1ed9ng h\u00f2a Italia: <a href=\"https:\/\/www.quirinale.it\/elementi\/56979\">https:\/\/www.quirinale.it\/elementi\/56979<\/a><\/p>\n<p>B\u00e0i vi\u1ebft c\u1ee7a \u0110\u1ea1i s\u1ee9 Alessandro: <a href=\"https:\/\/vietnamnews.vn\/opinion\/963860\/viet-nam-and-italy-renewing-their-bonds-in-a-time-of-recovery.html\">https:\/\/vietnamnews.vn\/opinion\/963860\/viet-nam-and-italy-renewing-their-bonds-in-a-time-of-recovery.html<\/a><\/p>\n<p>\u0110\u00e0i ti\u1ebfng n\u00f3i Vi\u1ec7t Nam, Ch\u01b0\u01a1ng tr\u00ecnh Ti\u1ebfng th\u01a1, gi\u1edbi thi\u1ec7u v\u1ec1 t\u00e1c ph\u1ea9m Th\u1ea7n kh\u00fac c\u1ee7a Dante Alighieri (t\u1eeb ph\u00fat 13.37): <a href=\"http:\/\/vov6.vov.vn\/tieng-tho\/than-khuc-cua-dante-kinh-thanh-cua-thoi-trung-co-cmobile39-32585.aspx\">http:\/\/vov6.vov.vn\/tieng-tho\/than-khuc-cua-dante-kinh-thanh-cua-thoi-trung-co-cmobile39-32585.aspx<\/a> \u00a0<\/p>\n","protected":false},"excerpt":{"rendered":"V\u00ec l\u00ed do d\u1ecbch b\u1ec7nh n\u00ean vi\u1ec7c t\u1ed5 ch\u1ee9c k\u1ec9 ni\u1ec7m Qu\u1ed1c kh\u00e1nh nh\u01b0 m\u1ecdi n\u0103m s\u1ebd kh\u00f4ng di\u1ec5n ra. \u0110\u1ec3 c\u00f9ng nhau k\u1ec9 ni\u1ec7m 75 n\u0103m Qu\u1ed1c kh\u00e1nh n\u01b0\u1edbc C\u1ed9ng h\u00f2a Italia, ch\u00fang t\u00f4i \u0111\u00e3 chu\u1ea9n b\u1ecb ch\u01b0\u01a1ng tr\u00ecnh sau. Ngo\u00e0i c\u00e1c b\u00e0i ph\u00e1t bi\u1ec3u ch\u00ednh th\u1ee9c c\u1ee7a \u0110\u1ea1i s\u1ee9 Alessandro, c\u1ee7a T\u1ed5ng L\u00e3nh [&hellip;]","protected":false},"author":1,"featured_media":0,"comment_status":"","ping_status":"","sticky":false,"template":"","format":"standard","meta":{"footnotes":""},"tags":[],"class_list":["post-1915","post","type-post","status-publish","format-standard","hentry"],"_links":{"self":[{"href":"https:\/\/ambhanoi.esteri.it\/vi\/wp-json\/wp\/v2\/posts\/1915","targetHints":{"allow":["GET"]}}],"collection":[{"href":"https:\/\/ambhanoi.esteri.it\/vi\/wp-json\/wp\/v2\/posts"}],"about":[{"href":"https:\/\/ambhanoi.esteri.it\/vi\/wp-json\/wp\/v2\/types\/post"}],"author":[{"embeddable":true,"href":"https:\/\/ambhanoi.esteri.it\/vi\/wp-json\/wp\/v2\/users\/1"}],"replies":[{"embeddable":true,"href":"https:\/\/ambhanoi.esteri.it\/vi\/wp-json\/wp\/v2\/comments?post=1915"}],"version-history":[{"count":0,"href":"https:\/\/ambhanoi.esteri.it\/vi\/wp-json\/wp\/v2\/posts\/1915\/revisions"}],"wp:attachment":[{"href":"https:\/\/ambhanoi.esteri.it\/vi\/wp-json\/wp\/v2\/media?parent=1915"}],"wp:term":[{"taxonomy":"post_tag","embeddable":true,"href":"https:\/\/ambhanoi.esteri.it\/vi\/wp-json\/wp\/v2\/tags?post=1915"}],"curies":[{"name":"wp","href":"https:\/\/api.w.org\/{rel}","templated":true}]}}