{"id":1719,"date":"2022-01-25T03:15:55","date_gmt":"2022-01-24T20:15:55","guid":{"rendered":"https:\/\/ambhanoi.esteri.it\/news\/dall_ambasciata\/2022\/01\/candidatura-di-roma-a-expo-2030-2\/"},"modified":"2022-01-25T03:15:55","modified_gmt":"2022-01-24T20:15:55","slug":"candidatura-di-roma-a-expo-2030-2","status":"publish","type":"post","link":"https:\/\/ambhanoi.esteri.it\/vi\/news\/dall_ambasciata\/2022\/01\/candidatura-di-roma-a-expo-2030-2\/","title":{"rendered":"\u1ee8ng c\u1eed c\u1ee7a Roma cho EXPO 2030"},"content":{"rendered":"<p style=\"text-align: justify;\">Italia \u0111\u00e3 \u0111\u1ec1 c\u1eed t\u1edbi V\u0103n ph\u00f2ng Tri\u1ec3n l\u00e3m Qu\u1ed1c t\u1ebf (BIE) v\u1ec1 <strong>vi\u1ec7c Roma \u0111\u0103ng cai t\u1ed5 ch\u1ee9c EXPO 2030<\/strong>.<\/p>\n<p style=\"text-align: justify;\">Ch\u1ee7 \u0111\u1ec1 c\u1ee7a vi\u1ec7c \u1ee9ng c\u1eed l\u00e0 <em>&#8220;<strong>Con ng\u01b0\u1eddi v\u00e0 l\u00e3nh th\u1ed5: t\u00e1i t\u1ea1o, h\u00f2a nh\u1eadp v\u00e0 \u0111\u1ed5i m\u1edbi&#8221;.<\/strong><\/em> V\u1edbi l\u1ecbch s\u1eed, di s\u1ea3n, s\u1ef1 s\u00e1ng t\u1ea1o, m\u1ed1i li\u00ean h\u1ec7 ch\u1eb7t ch\u1ebd v\u1edbi v\u0103n h\u00f3a v\u00e0 khoa h\u1ecdc, Rome \u0111\u1ec1 xu\u1ea5t m\u00ecnh l\u00e0 n\u01a1i l\u00fd t\u01b0\u1edfng \u0111\u1ec3 th\u00fac \u0111\u1ea9y m\u1ed9t m\u00f4 h\u00ecnh \u0111\u00f4 th\u1ecb hi\u1ec7n \u0111\u1ea1i k\u1ebft h\u1ee3p \u0111\u1ed5i m\u1edbi v\u00e0 b\u1ec1n v\u1eefng, d\u1ecbch v\u1ee5 k\u1ef9 thu\u1eadt s\u1ed1 v\u00e0 kh\u00f4ng gian xanh.<\/p>\n<p style=\"text-align: justify;\"><strong>Th\u1ee9 tr\u01b0\u1edfng Ngo\u1ea1i giao Maria Tripodi s\u1ebd c\u00f3 chuy\u1ebfn c\u00f4ng t\u00e1c t\u1ea1i H\u00e0 N\u1ed9i t\u1eeb ng\u00e0y 10 \u0111\u1ebfn 13 th\u00e1ng 2 n\u0103m 2023<\/strong> trong khu\u00f4n kh\u1ed5 k\u1ec9 ni\u1ec7m 50 n\u0103m quan h\u1ec7 ngo\u1ea1i giao gi\u1eefa Italia v\u00e0 Vi\u1ec7t Nam \u0111\u1ec3 x\u00fac ti\u1ebfn vi\u1ec7c \u1ee9ng c\u1eed c\u1ee7a Roma.<\/p>\n<p style=\"text-align: justify;\"><a href=\"en\/ambasciata\/news\/dall_ambasciata\/2023\/02\/conclusa-la-missione-in-vietnam.html\">https:\/\/ambhanoi.esteri.it\/ambasciata_hanoi\/en\/ambasciata\/news\/dall_ambasciata\/2023\/02\/conclusa-la-missione-in-vietnam.html<\/a><\/p>\n<p style=\"text-align: justify;\"><a href=\"en\/ambasciata\/news\/dall_ambasciata\/2023\/02\/rome-presents-to-vietnam-its-project.html\">https:\/\/ambhanoi.esteri.it\/ambasciata_hanoi\/en\/ambasciata\/news\/dall_ambasciata\/2023\/02\/rome-presents-to-vietnam-its-project.html<\/a><\/p>\n<p style=\"text-align: justify;\">*****<\/p>\n<p style=\"text-align: justify;\">Xin m\u1eddi xem \u0111o\u1ea1n video gi\u1edbi thi\u1ec7u v\u1ec1 s\u1ef1 \u1ee9ng c\u1eed c\u1ee7a Roma cho EXPO 2030: <a href=\"https:\/\/www.youtube.com\/watch?v=fM8UEj-7fvw\">https:\/\/www.youtube.com\/watch?v=fM8UEj-7fvw<\/a>\u00a0<\/p>\n<p style=\"text-align: justify;\">H\u00e3y xem\u00a0<a href=\"resource\/doc\/2023\/02\/expo2030roma_dossier_presentation_26pages_eng.pdf\"><span style=\"text-decoration: underline;\">t\u00e0i li\u1ec7u qu\u1ea3ng c\u00e1o c\u1ee7a \u1ee9ng c\u1eed vi\u00ean<\/span><\/a>.<\/p>\n<p style=\"text-align: justify;\">Th\u00f4ng tin th\u00eam c\u00f3 s\u1eb5n t\u1ea1i: <a href=\"https:\/\/www.expo2030roma.org\/\">https:\/\/www.expo2030roma.org\/<\/a><\/p>\n<p style=\"text-align: justify;\">Theo d\u00f5i trang facebook c\u1ee7a Rome EXPO 2030: <a href=\"https:\/\/www.facebook.com\/Expo2030Roma\">https:\/\/www.facebook.com\/Expo2030Roma<\/a>.<\/p>\n<p style=\"text-align: justify;\">*****<\/p>\n<p style=\"text-align: justify;\">V\u00e0o ng\u00e0y 7 th\u00e1ng 9\u00a0n\u0103m 2022, \u1ee6y ban Th\u00fac \u0111\u1ea9y c\u1ee7a EXPO Roma 2030, do Th\u1ecb tr\u01b0\u1edfng Rome Roberto Gualtieri l\u00e3nh \u0111\u1ea1o, \u0111\u00e3 chuy\u1ec3n <strong>h\u1ed3 s\u01a1 \u1ee9ng c\u1eed<\/strong> cho Ban Th\u01b0 k\u00fd Chung c\u1ee7a BIE.<\/p>\n<p>\u0110\u1ecdc th\u00f4ng c\u00e1o b\u00e1o ch\u00ed t\u1ea1i: <a href=\"https:\/\/www.dropbox.com\/s\/p7zh26zo1hspqu4\/CSenglish_Expo%20Rome%202030.pdf?dl=0\">https:\/\/www.dropbox.com\/s\/p7zh26zo1hspqu4\/CSenglish_Expo%20Rome%202030.pdf?dl=0<\/a><\/p>\n<p style=\"text-align: justify;\">*****<\/p>\n<p style=\"text-align: justify;\">V\u00e0o ng\u00e0y 3 th\u00e1ng 3 n\u0103m 2022, th\u1ecb tr\u01b0\u1edfng th\u00e0nh ph\u1ed1 Roma Roberto Gualtieri \u0111\u00e3 tr\u00ecnh b\u00e0y t\u1ea1i Dubai<strong> l\u00f4 g\u00f4 ch\u00ednh th\u1ee9c <\/strong>c\u1ee7a \u1ee9ng c\u1eed vi\u00ean Rome \u0111\u1ec3 t\u1ed5 ch\u1ee9c EXPO 2030.<\/p>\n<p style=\"text-align: justify;\">L\u00e0n \u0111\u1ea7u ti\u00ean trong l\u1ecbch s\u1eed Expo, l\u00f4 g\u00f4 c\u0169ng \u0111\u01b0\u1ee3c m\u00e3 h\u00f3a kh\u00f4ng th\u1ec3 thay th\u1ebf, m\u1ed9t t\u00e1c ph\u1ea9m ngh\u1ec7 thu\u1eadt k\u1ef9 thu\u1eadt s\u1ed1 c\u00f3 1 kh\u00f4ng 2 \u0111\u01b0\u1ee3c n\u00e2ng t\u1ea7m gi\u00e1 tr\u1ecb nh\u1edd c\u00f4ng ngh\u1ec7 chu\u1ed7i blockchain.<\/p>\n<p style=\"text-align: justify;\">Xem video gi\u1edbi thi\u1ec7u logo ch\u00ednh th\u1ee9c c\u1ee7a \u1ee9ng c\u1eed vi\u00ean: <a href=\"https:\/\/www.youtube.com\/watch?v=bFOfLXe2MBI&#038;t=5s\">https:\/\/www.youtube.com\/watch?v=bFOfLXe2MBI&#038;t=5s<\/a><\/p>\n<p style=\"text-align: justify;\">*****<\/p>\n<p style=\"text-align: left;\">B\u00e0i b\u00e1o tr\u00ean th\u1eddi b\u00e1o Nh\u00e2n D\u00e2n v\u1ec1 vi\u1ec7c \u1ee9ng c\u1eed c\u1ee7a Roma cho Expo 2030:\u00a0\u00a0\u00a0\u00a0\u00a0\u00a0\u00a0\u00a0\u00a0\u00a0\u00a0\u00a0\u00a0\u00a0\u00a0\u00a0\u00a0\u00a0\u00a0\u00a0\u00a0\u00a0\u00a0\u00a0\u00a0\u00a0\u00a0\u00a0\u00a0\u00a0\u00a0\u00a0\u00a0\u00a0\u00a0\u00a0\u00a0\u00a0\u00a0\u00a0\u00a0\u00a0\u00a0\u00a0\u00a0\u00a0\u00a0\u00a0\u00a0 <a href=\"https:\/\/nhandan.vn\/thanh-pho-rome-ung-cu-vien-sang-gia-cho-trien-lam-world-expo-2030-post737509.html\">https:\/\/nhandan.vn\/thanh-pho-rome-ung-cu-vien-sang-gia-cho-trien-lam-world-expo-2030-post737509.html<\/a><\/p>\n<p style=\"text-align: justify;\">Chuy\u1ebfn c\u00f4ng t\u00e1c t\u1ea1i Vi\u1ec7t Nam c\u1ee7a Gi\u00e1o s\u01b0 Romeo Orlandi, \u0110\u1eb7c ph\u00e1i vi\u00ean v\u1ec1 \u1ee9ng c\u1eed c\u1ee7a Rome trong vi\u1ec7c \u0111\u0103ng cai Expo 2030: <a href=\"http:\/\/www.icd.gov.vn\/details\/dic\/804\/tin-noi-bat\/rome---ung-cu-vien-tiem-nang-to-chuc-expo-2030\/11.icd\">http:\/\/www.icd.gov.vn\/details\/dic\/804\/tin-noi-bat\/rome&#8212;ung-cu-vien-tiem-nang-to-chuc-expo-2030\/11.icd<\/a><\/p>\n<p style=\"text-align: justify;\">Tr\u00ecnh b\u00e0y v\u1ec1 vi\u1ec7c \u1ee9ng c\u1eed c\u1ee7a Rome \u0111\u1ec3 t\u1ed5 ch\u1ee9c EXPO 2030 t\u1ea1i \u0110\u1ea1i bi\u1ec3u Vi\u1ec7t Nam t\u1ea1i BIE: <a href=\"https:\/\/thoidai.com.vn\/da-dang-cac-hoat-dong-van-hoa-ky-niem-50-nam-quan-he-ngoai-giao-viet-nam-italia-162867.html\">https:\/\/thoidai.com.vn\/da-dang-cac-hoat-dong-van-hoa-ky-niem-50-nam-quan-he-ngoai-giao-viet-nam-italia-162867.html<\/a><\/p>\n<p style=\"text-align: justify;\">*****<\/p>\n<p style=\"text-align: right;\"><em>(n\u1ed9i dung c\u1eadp nh\u1eadt &#8211; tin t\u1ee9c \u0111\u01b0\u1ee3c xu\u1ea5t b\u1ea3n l\u1ea7n \u0111\u1ea7u ti\u00ean v\u00e0o ng\u00e0y 4 th\u00e1ng 11\u00a0n\u0103m 2021)<\/em><\/p>\n","protected":false},"excerpt":{"rendered":"Italia \u0111\u00e3 \u0111\u1ec1 c\u1eed t\u1edbi V\u0103n ph\u00f2ng Tri\u1ec3n l\u00e3m Qu\u1ed1c t\u1ebf (BIE) v\u1ec1 vi\u1ec7c Roma \u0111\u0103ng cai t\u1ed5 ch\u1ee9c EXPO 2030. Ch\u1ee7 \u0111\u1ec1 c\u1ee7a vi\u1ec7c \u1ee9ng c\u1eed l\u00e0 &#8220;Con ng\u01b0\u1eddi v\u00e0 l\u00e3nh th\u1ed5: t\u00e1i t\u1ea1o, h\u00f2a nh\u1eadp v\u00e0 \u0111\u1ed5i m\u1edbi&#8221;. V\u1edbi l\u1ecbch s\u1eed, di s\u1ea3n, s\u1ef1 s\u00e1ng t\u1ea1o, m\u1ed1i li\u00ean h\u1ec7 ch\u1eb7t ch\u1ebd v\u1edbi v\u0103n [&hellip;]","protected":false},"author":1,"featured_media":0,"comment_status":"","ping_status":"","sticky":false,"template":"","format":"standard","meta":{"footnotes":""},"tags":[],"class_list":["post-1719","post","type-post","status-publish","format-standard","hentry"],"_links":{"self":[{"href":"https:\/\/ambhanoi.esteri.it\/vi\/wp-json\/wp\/v2\/posts\/1719","targetHints":{"allow":["GET"]}}],"collection":[{"href":"https:\/\/ambhanoi.esteri.it\/vi\/wp-json\/wp\/v2\/posts"}],"about":[{"href":"https:\/\/ambhanoi.esteri.it\/vi\/wp-json\/wp\/v2\/types\/post"}],"author":[{"embeddable":true,"href":"https:\/\/ambhanoi.esteri.it\/vi\/wp-json\/wp\/v2\/users\/1"}],"replies":[{"embeddable":true,"href":"https:\/\/ambhanoi.esteri.it\/vi\/wp-json\/wp\/v2\/comments?post=1719"}],"version-history":[{"count":0,"href":"https:\/\/ambhanoi.esteri.it\/vi\/wp-json\/wp\/v2\/posts\/1719\/revisions"}],"wp:attachment":[{"href":"https:\/\/ambhanoi.esteri.it\/vi\/wp-json\/wp\/v2\/media?parent=1719"}],"wp:term":[{"taxonomy":"post_tag","embeddable":true,"href":"https:\/\/ambhanoi.esteri.it\/vi\/wp-json\/wp\/v2\/tags?post=1719"}],"curies":[{"name":"wp","href":"https:\/\/api.w.org\/{rel}","templated":true}]}}