{"id":1657,"date":"2022-04-21T09:22:42","date_gmt":"2022-04-21T02:22:42","guid":{"rendered":"https:\/\/ambhanoi.esteri.it\/news\/dall_ambasciata\/2022\/04\/colloquio-telefonico-del-presidente-2\/"},"modified":"2022-04-21T09:22:42","modified_gmt":"2022-04-21T02:22:42","slug":"colloquio-telefonico-del-presidente-2","status":"publish","type":"post","link":"https:\/\/ambhanoi.esteri.it\/vi\/news\/dall_ambasciata\/2022\/04\/colloquio-telefonico-del-presidente-2\/","title":{"rendered":"\u0110i\u1ec7n \u0111\u00e0m gi\u1eefa Th\u1ee7 t\u01b0\u1edbng Draghi v\u00e0 Th\u1ee7 t\u01b0\u1edbng n\u01b0\u1edbc C\u1ed9ng h\u00f2a X\u00e3 h\u1ed9i Ch\u1ee7 ngh\u0129a Vi\u1ec7t Nam"},"content":{"rendered":"<p style=\"text-align: justify;\"><em>20 th\u00e1ng 4 n\u0103m 2022<\/em><\/p>\n<p style=\"text-align: justify;\">Th\u1ee7 t\u01b0\u1edbng n\u01b0\u1edbc C\u1ed9ng h\u00f2a Italia, Ng\u00e0i Mario Draghi \u0111\u00e3 c\u00f3 m\u1ed9t cu\u1ed9c \u0111i\u1ec7n \u0111\u00e0m v\u1edbi Th\u1ee7 t\u01b0\u1edbng n\u01b0\u1edbc C\u1ed9ng h\u00f2a X\u00e3 h\u1ed9i Ch\u1ee7 ngh\u0129a Vi\u1ec7t Nam, Ng\u00e0i Ph\u1ea1m Minh Ch\u00ednh.<\/p>\n<p style=\"text-align: justify;\">Trong bu\u1ed5i \u0111i\u1ec7n \u0111\u00e0m, hai Th\u1ee7 t\u01b0\u1edbng \u0111\u00e3 th\u1ea3o lu\u1eadn v\u1ec1 h\u1ee3p t\u00e1c chi\u1ebfn l\u01b0\u1ee3c song ph\u01b0\u01a1ng, h\u01a1p t\u00e1c gi\u1eefa Italia v\u00e0 ASEAN, m\u1ed1i quan h\u1ec7 gi\u1eefa EU v\u00e0 Vi\u1ec7t Nam v\u00e0 c\u00e1c b\u01b0\u1edbc ph\u00e1t tri\u1ec3n \u1edf \u1ea4n \u0110\u1ed9 d\u01b0\u01a1ng \u2013 Th\u00e1i B\u00ecnh d\u01b0\u01a1ng. Hai nh\u00e0 l\u00e3nh \u0111\u1ea1o c\u0169ng \u0111\u1ec1 c\u1eadp t\u1edbi c\u00e1c th\u00e1ch th\u1ee9c to\u00e0n c\u1ea7u ch\u00ednh, \u0111\u1eb7c bi\u1ec7t li\u00ean quan \u0111\u1ebfn COVID 19 v\u00e0 cu\u1ed9c ch\u1ed1ng thay \u0111\u1ed5i kh\u00ed h\u1eadu v\u00e0 chuy\u1ec3n \u0111\u1ed5i xanh.<\/p>\n<p style=\"text-align: justify;\">*****<\/p>\n<p><a href=\"https:\/\/www.governo.it\/it\/articolo\/colloquio-telefonico-del-presidente-draghi-con-il-primo-ministro-della-repubblica\">https:\/\/www.governo.it\/it\/articolo\/colloquio-telefonico-del-presidente-draghi-con-il-primo-ministro-della-repubblica<\/a><\/p>\n<p><a href=\"https:\/\/www.vietnamplus.vn\/thu-tuong-pham-minh-chinh-dien-dam-voi-thu-tuong-italy-mario-draghi\/784811.vnp\">https:\/\/www.vietnamplus.vn\/thu-tuong-pham-minh-chinh-dien-dam-voi-thu-tuong-italy-mario-draghi\/784811.vnp<\/a><\/p>\n<p>*****<\/p>\n","protected":false},"excerpt":{"rendered":"20 th\u00e1ng 4 n\u0103m 2022 Th\u1ee7 t\u01b0\u1edbng n\u01b0\u1edbc C\u1ed9ng h\u00f2a Italia, Ng\u00e0i Mario Draghi \u0111\u00e3 c\u00f3 m\u1ed9t cu\u1ed9c \u0111i\u1ec7n \u0111\u00e0m v\u1edbi Th\u1ee7 t\u01b0\u1edbng n\u01b0\u1edbc C\u1ed9ng h\u00f2a X\u00e3 h\u1ed9i Ch\u1ee7 ngh\u0129a Vi\u1ec7t Nam, Ng\u00e0i Ph\u1ea1m Minh Ch\u00ednh. Trong bu\u1ed5i \u0111i\u1ec7n \u0111\u00e0m, hai Th\u1ee7 t\u01b0\u1edbng \u0111\u00e3 th\u1ea3o lu\u1eadn v\u1ec1 h\u1ee3p t\u00e1c chi\u1ebfn l\u01b0\u1ee3c song ph\u01b0\u01a1ng, h\u01a1p t\u00e1c [&hellip;]","protected":false},"author":1,"featured_media":0,"comment_status":"","ping_status":"","sticky":false,"template":"","format":"standard","meta":{"footnotes":""},"tags":[],"class_list":["post-1657","post","type-post","status-publish","format-standard","hentry"],"_links":{"self":[{"href":"https:\/\/ambhanoi.esteri.it\/vi\/wp-json\/wp\/v2\/posts\/1657","targetHints":{"allow":["GET"]}}],"collection":[{"href":"https:\/\/ambhanoi.esteri.it\/vi\/wp-json\/wp\/v2\/posts"}],"about":[{"href":"https:\/\/ambhanoi.esteri.it\/vi\/wp-json\/wp\/v2\/types\/post"}],"author":[{"embeddable":true,"href":"https:\/\/ambhanoi.esteri.it\/vi\/wp-json\/wp\/v2\/users\/1"}],"replies":[{"embeddable":true,"href":"https:\/\/ambhanoi.esteri.it\/vi\/wp-json\/wp\/v2\/comments?post=1657"}],"version-history":[{"count":0,"href":"https:\/\/ambhanoi.esteri.it\/vi\/wp-json\/wp\/v2\/posts\/1657\/revisions"}],"wp:attachment":[{"href":"https:\/\/ambhanoi.esteri.it\/vi\/wp-json\/wp\/v2\/media?parent=1657"}],"wp:term":[{"taxonomy":"post_tag","embeddable":true,"href":"https:\/\/ambhanoi.esteri.it\/vi\/wp-json\/wp\/v2\/tags?post=1657"}],"curies":[{"name":"wp","href":"https:\/\/api.w.org\/{rel}","templated":true}]}}