{"id":1593,"date":"2022-06-10T12:38:55","date_gmt":"2022-06-10T05:38:55","guid":{"rendered":"https:\/\/ambhanoi.esteri.it\/news\/dall_ambasciata\/2022\/06\/missione-del-sottosegretario-on-2\/"},"modified":"2022-06-10T12:38:55","modified_gmt":"2022-06-10T05:38:55","slug":"missione-del-sottosegretario-on-2","status":"publish","type":"post","link":"https:\/\/ambhanoi.esteri.it\/vi\/news\/dall_ambasciata\/2022\/06\/missione-del-sottosegretario-on-2\/","title":{"rendered":"Chuy\u1ebfn th\u0103m c\u1ee7a Qu\u1ed1c V\u1ee5 Khanh Manlio Di Stefano \u0111\u1ebfn Vi\u1ec7t Nam (7-9 th\u00e1ng 6 n\u0103m 2022)"},"content":{"rendered":"<p><em>10 th\u00e1ng 6 n\u0103m 2022. Ti\u00eau \u0111\u1ec1: Th\u00f4ng c\u00e1o b\u00e1o ch\u00ed<\/em><\/p>\n<p style=\"text-align: justify;\">Chuy\u1ebfn th\u0103m ch\u00ednh th\u1ee9c c\u1ee7a Qu\u1ed1c V\u1ee5 Khanh Manlio Di Stefano sang Vi\u1ec7t Nam, k\u00e9o d\u00e0i t\u1eeb ng\u00e0y 7 \u0111\u1ebfn ng\u00e0y 9 th\u00e1ng 6 v\u1edbi c\u00e1c c\u00e1c cu\u1ed9c h\u1ecdp c\u1ee7a \u00f4ng t\u1ea1i H\u00e0 N\u1ed9i v\u00e0 Th\u00e0nh ph\u1ed1 H\u1ed3 Ch\u00ed Minh, \u0111\u00e3 k\u1ebft th\u00fac v\u00e0o ng\u00e0y h\u00f4m qua. Chuy\u1ebfn th\u0103m c\u1ee7a Qu\u1ed1c V\u1ee5 Khanh t\u1edbi \u0110\u00f4ng Nam \u00c1 k\u1ebft th\u00fac v\u00e0o ng\u00e0y h\u00f4m nay v\u1edbi m\u1ed9t s\u1ed1 phi\u00ean l\u00e0m vi\u1ec7c t\u1ea1i Indonesia.<\/p>\n<p style=\"text-align: justify;\">C\u00e1c tr\u1ecdng t\u00e2m \u0111\u01b0\u1ee3c n\u00eau ra t\u1ea1i Vi\u1ec7t Nam ch\u1ee7 y\u1ebfu li\u00ean quan \u0111\u1ebfn m\u1ed1i quan h\u1ec7 kinh t\u1ebf, th\u01b0\u01a1ng m\u1ea1i v\u00e0 c\u00f4ng nghi\u1ec7p song ph\u01b0\u01a1ng. T\u1ea1i H\u00e0 N\u1ed9i, Qu\u1ed1c V\u1ee5 Khanh Di Stefano \u0111\u00e3 g\u1eb7p Th\u1ee9 tr\u01b0\u1edfng B\u1ed9 C\u00f4ng Th\u01b0\u01a1ng \u0110\u1eb7ng Ho\u00e0ng An, ng\u01b0\u1eddi \u0111\u1ed3ng ch\u1ee7 tr\u00ec cu\u1ed9c h\u1ecdp l\u1ea7n th\u1ee9 7 \u1ee6y ban Kinh t\u1ebf h\u1ed7n h\u1ee3p Italia-Vi\u1ec7t Nam. Qu\u1ed1c V\u1ee5 Khanh nh\u1eadn x\u00e9t: \u201cNhi\u1ec1u c\u00f4ng ty \u00dd \u0111\u00e3 chuy\u1ec3n ho\u1ea1t \u0111\u1ed9ng s\u1ea3n xu\u1ea5t c\u1ee7a h\u1ecd sang Vi\u1ec7t Nam v\u00e0o th\u1eddi \u0111i\u1ec3m b\u01b0\u1edbc sang m\u1ed9t th\u1ebf k\u1ef7 m\u1edbi n\u00e0y\u201d. Nh\u01b0 \u00f4ng ti\u1ebfp t\u1ee5c nh\u1eadn \u0111\u1ecbnh, \u201ck\u1ef7 nguy\u00ean to\u00e0n c\u1ea7u h\u00f3a kh\u00f4ng c\u00f3 ki\u1ec3m so\u00e1t \u0111\u00e3 k\u1ebft th\u00fac, nh\u01b0ng nhi\u1ec1u c\u00f4ng ty v\u1eabn \u1edf l\u1ea1i Vi\u1ec7t Nam, l\u1ea5y \u0111\u00f3 l\u00e0m c\u01a1 s\u1edf cho c\u00e1c ho\u1ea1t \u0111\u1ed9ng c\u1ee7a h\u1ecd \u1edf ch\u00e2u \u00c1\u201d. V\u00ec nh\u1eefng l\u00fd do n\u00e0y, c\u00e1c hi\u1ec7p \u0111\u1ecbnh \u0111i\u1ec1u ch\u1ec9nh th\u01b0\u01a1ng m\u1ea1i t\u1ef1 do (Hi\u1ec7p \u0111\u1ecbnh Th\u01b0\u01a1ng m\u1ea1i T\u1ef1 do Vi\u1ec7t Nam &#8211; EU &#8211; EVFTA) v\u00e0 b\u1ea3o h\u1ed9 \u0111\u1ea7u t\u01b0 (Hi\u1ec7p \u0111\u1ecbnh B\u1ea3o h\u1ed9 \u0110\u1ea7u t\u01b0 Vi\u1ec7t Nam &#8211; EU &#8211; EVIPA) m\u00e0 Vi\u1ec7t Nam v\u00e0 Li\u00ean minh Ch\u00e2u \u00c2u k\u00fd k\u1ebft c\u00f3 \u00fd ngh\u0129a v\u00f4 c\u00f9ng quan tr\u1ecdng. V\u00e0o cu\u1ed1i phi\u00ean l\u00e0m vi\u1ec7c, Th\u1ee9 tr\u01b0\u1edfng Di Stefano \u0111\u00e3 nh\u1eafc l\u1ea1i cam k\u1ebft c\u1ee7a m\u00ecnh khi tr\u1edf l\u1ea1i \u00dd, \u1ee7ng h\u1ed9 vi\u1ec7c ph\u00ea chu\u1ea9n EVIPA t\u1ea1i Qu\u1ed1c h\u1ed9i.<\/p>\n<p style=\"text-align: justify;\">Trong chuy\u1ebfn th\u0103m c\u1ee7a Qu\u1ed1c V\u1ee5 Khanh v\u1edbi B\u1ed9 tr\u01b0\u1edfng Ngo\u1ea1i giao Vi\u1ec7t Nam, B\u00f9i Thanh S\u01a1n v\u00e0 Th\u1ee9 tr\u01b0\u1edfng H\u00e0 Kim Ng\u1ecdc, cu\u1ed9c th\u1ea3o lu\u1eadn t\u1eadp trung v\u00e0o c\u00e1c ch\u1ee7 \u0111\u1ec1 ch\u00ednh s\u00e1ch \u0111\u1ed1i ngo\u1ea1i. Qu\u1ed1c V\u1ee5 Khanh cho bi\u1ebft: \u201cCh\u00fang t\u00f4i bi\u1ebft \u01a1n Vi\u1ec7t Nam \u0111\u00e3 h\u1ed7 tr\u1ee3 \u0111\u1ea5u th\u1ea7u \u0110\u1ed1i t\u00e1c Ph\u00e1t tri\u1ec3n ASEAN c\u1ee7a \u00dd khi \u0111\u1ea5t n\u01b0\u1edbc gi\u1eef ch\u1ee9c Ch\u1ee7 t\u1ecbch v\u00e0o n\u0103m 2020\u201d. \u00d4ng n\u00f3i th\u00eam r\u1eb1ng \u201ctr\u00ean c\u01a1 s\u1edf c\u1ee7a t\u00ecnh h\u1eefu ngh\u1ecb n\u00e0y, ch\u00fang t\u00f4i \u0111\u00e3 b\u00e0y t\u1ecf s\u1ef1 \u1ee7ng h\u1ed9 ho\u00e0n to\u00e0n c\u1ee7a ch\u00fang t\u00f4i \u0111\u1ed1i v\u1edbi Vi\u1ec7t Nam v\u1ec1 c\u1ea3 t\u00ecnh h\u00ecnh \u1edf Bi\u1ec3n \u0110\u00f4ng v\u00e0 nhu c\u1ea7u b\u1ea3o v\u1ec7 h\u1ec7 sinh th\u00e1i d\u1ec5 t\u1ed5n th\u01b0\u01a1ng c\u1ee7a s\u00f4ng Mekong,v\u1edbi th\u01b0\u1ee3ng ngu\u1ed3n \u1edf Trung Qu\u1ed1c v\u00e0 ch\u1ea3y qua g\u1ea7n nh\u01b0 t\u1ea5t c\u1ea3 c\u00e1c qu\u1ed1c gia trong khu v\u1ef1c \u201d. K\u1ebft th\u00fac cu\u1ed9c g\u1eb7p, Qu\u1ed1c V\u1ee5 Khanh Di Stefano \u0111\u1ec1 ngh\u1ecb c\u00e1c \u0111\u1ed3ng nghi\u1ec7p Vi\u1ec7t Nam s\u1eed d\u1ee5ng quan h\u1ec7 v\u1edbi li\u00ean bang Nga \u0111\u1ec3 truy\u1ec1n t\u1ea3i th\u00f4ng \u0111i\u1ec7p khuy\u1ebfn kh\u00edch ch\u1ea5m d\u1ee9t th\u00f9 \u0111\u1ecbch v\u00e0 th\u00fac \u0111\u1ea9y \u0111\u1ed1i tho\u1ea1i v\u1edbi Ukraine. M\u1ed9t m\u1ee5c \u0111\u00edch l\u00e0 t\u1ea1o \u0111i\u1ec1u ki\u1ec7n thu\u1eadn l\u1ee3i \u0111\u1ec3 t\u1ea1o h\u00e0nh lang h\u00e0ng h\u1ea3i an to\u00e0n cho vi\u1ec7c xu\u1ea5t kh\u1ea9u l\u00faa m\u00ec c\u1ee7a Ukraine. C\u00e1c \u0111\u1ed1i t\u00e1c nh\u1ea5t tr\u00ed v\u1ec1 s\u1ef1 c\u1ea7n thi\u1ebft ph\u1ea3i ch\u1ea5m d\u1ee9t c\u00e1c h\u00e0nh \u0111\u1ed9ng th\u00f9 \u0111\u1ecbch v\u00e0 chu\u1ea9n b\u1ecb cho c\u00e1c cu\u1ed9c \u0111\u00e0m ph\u00e1n h\u00f2a b\u00ecnh.<\/p>\n<p style=\"text-align: justify;\">Tr\u01b0\u1edbc khi k\u1ebft th\u00fac chuy\u1ebfn th\u0103m Vi\u1ec7t Nam, Qu\u1ed1c V\u1ee5 Khanh Di Stefano \u0111\u00e3 g\u1eb7p g\u1ee1 c\u00e1c th\u00e0nh vi\u00ean c\u1ee7a c\u1ed9ng \u0111\u1ed3ng doanh nghi\u1ec7p \u00dd t\u1ea1i \u0111\u00e2y, ho\u1ea1t \u0111\u1ed9ng ch\u1ee7 y\u1ebfu trong l\u0129nh v\u1ef1c n\u0103ng l\u01b0\u1ee3ng v\u00e0 d\u01b0\u1ee3c ph\u1ea9m. Qu\u1ed1c V\u1ee5 Khanh nh\u1ea5n m\u1ea1nh r\u1eb1ng \u201cnhi\u1ec1u c\u00f4ng ty cung c\u1ea5p c\u00f4ng ngh\u1ec7 ti\u00ean ti\u1ebfn v\u00e0 c\u00e1c d\u1ef1 \u00e1n \u0111\u00e0o t\u1ea1o c\u00f3 th\u1ec3 n\u1eafm b\u1eaft c\u00e1c c\u01a1 h\u1ed9i m\u1edbi \u0111\u1ec3 t\u0103ng tr\u01b0\u1edfng, d\u1ef1a tr\u00ean m\u1ee5c ti\u00eau\u201c Kh\u00f4ng Ph\u00e1t th\u1ea3i v\u00e0o n\u0103m 2050 \u201dm\u00e0 Vi\u1ec7t Nam \u0111\u1eb7t ra t\u1ea1i COP26\u201d. Th\u1ee9 tr\u01b0\u1edfng Di Stefano \u0111\u00e3 k\u1ebft th\u00fac b\u1eb1ng c\u00e1ch nh\u1eafc l\u1ea1i nh\u1eefng n\u1ed7 l\u1ef1c c\u1ee7a Ch\u00ednh ph\u1ee7 trong vi\u1ec7c khuy\u1ebfn kh\u00edch c\u00e1c c\u01a1 quan ch\u1ee9c n\u0103ng Vi\u1ec7t Nam c\u00f4ng nh\u1eadn C\u01a1 quan D\u01b0\u1ee3c ph\u1ea9m \u00dd (t\u00ean vi\u1ebft t\u1eaft ti\u1ebfng \u00dd l\u00e0 AIFA) nh\u1eb1m \u0111\u01a1n gi\u1ea3n h\u00f3a th\u1ee7 t\u1ee5c nh\u1eadp kh\u1ea9u c\u00e1c s\u1ea3n ph\u1ea9m d\u01b0\u1ee3c ph\u1ea9m c\u1ee7a \u00dd v\u00e0o Vi\u1ec7t Nam.<\/p>\n","protected":false},"excerpt":{"rendered":"10 th\u00e1ng 6 n\u0103m 2022. Ti\u00eau \u0111\u1ec1: Th\u00f4ng c\u00e1o b\u00e1o ch\u00ed Chuy\u1ebfn th\u0103m ch\u00ednh th\u1ee9c c\u1ee7a Qu\u1ed1c V\u1ee5 Khanh Manlio Di Stefano sang Vi\u1ec7t Nam, k\u00e9o d\u00e0i t\u1eeb ng\u00e0y 7 \u0111\u1ebfn ng\u00e0y 9 th\u00e1ng 6 v\u1edbi c\u00e1c c\u00e1c cu\u1ed9c h\u1ecdp c\u1ee7a \u00f4ng t\u1ea1i H\u00e0 N\u1ed9i v\u00e0 Th\u00e0nh ph\u1ed1 H\u1ed3 Ch\u00ed Minh, \u0111\u00e3 k\u1ebft th\u00fac v\u00e0o [&hellip;]","protected":false},"author":1,"featured_media":0,"comment_status":"","ping_status":"","sticky":false,"template":"","format":"standard","meta":{"footnotes":""},"tags":[],"class_list":["post-1593","post","type-post","status-publish","format-standard","hentry"],"_links":{"self":[{"href":"https:\/\/ambhanoi.esteri.it\/vi\/wp-json\/wp\/v2\/posts\/1593","targetHints":{"allow":["GET"]}}],"collection":[{"href":"https:\/\/ambhanoi.esteri.it\/vi\/wp-json\/wp\/v2\/posts"}],"about":[{"href":"https:\/\/ambhanoi.esteri.it\/vi\/wp-json\/wp\/v2\/types\/post"}],"author":[{"embeddable":true,"href":"https:\/\/ambhanoi.esteri.it\/vi\/wp-json\/wp\/v2\/users\/1"}],"replies":[{"embeddable":true,"href":"https:\/\/ambhanoi.esteri.it\/vi\/wp-json\/wp\/v2\/comments?post=1593"}],"version-history":[{"count":0,"href":"https:\/\/ambhanoi.esteri.it\/vi\/wp-json\/wp\/v2\/posts\/1593\/revisions"}],"wp:attachment":[{"href":"https:\/\/ambhanoi.esteri.it\/vi\/wp-json\/wp\/v2\/media?parent=1593"}],"wp:term":[{"taxonomy":"post_tag","embeddable":true,"href":"https:\/\/ambhanoi.esteri.it\/vi\/wp-json\/wp\/v2\/tags?post=1593"}],"curies":[{"name":"wp","href":"https:\/\/api.w.org\/{rel}","templated":true}]}}