{"id":1545,"date":"2022-08-31T11:25:26","date_gmt":"2022-08-31T04:25:26","guid":{"rendered":"https:\/\/ambhanoi.esteri.it\/news\/dall_ambasciata\/2022\/08\/chiusura-ambasciata-per-la-festa-2\/"},"modified":"2022-08-31T11:25:26","modified_gmt":"2022-08-31T04:25:26","slug":"chiusura-ambasciata-per-la-festa-2","status":"publish","type":"post","link":"https:\/\/ambhanoi.esteri.it\/vi\/news\/dall_ambasciata\/2022\/08\/chiusura-ambasciata-per-la-festa-2\/","title":{"rendered":"\u0110\u1ea1i s\u1ee9 qu\u00e1n \u0111\u00f3ng c\u1eeda nh\u00e2n d\u1ecbp Qu\u1ed1c kh\u00e1nh Vi\u1ec7t Nam"},"content":{"rendered":"<p><span style=\"text-decoration: underline;\">TH\u00d4NG B\u00c1O<\/span><\/p>\n<p style=\"text-align: justify;\">Nh\u00e2n d\u1ecbp Qu\u1ed1c kh\u00e1nh Vi\u1ec7t Nam, <span style=\"text-decoration: underline;\">t\u1ea5t c\u1ea3 c\u00e1c Ph\u00f2ng l\u00e0m vi\u1ec7c c\u1ee7a \u0110\u1ea1i s\u1ee9 qu\u00e1n \u0111\u00f3ng c\u1eeda ng\u00e0y 2 th\u00e1ng 9<\/span>.<\/p>\n<p style=\"text-align: justify;\">Gi\u1edd ti\u1ebfp kh\u00e1ch c\u1ee7a Ph\u00f2ng Visa v\u00e0 L\u00e3nh s\u1ef1 c\u1ee5 th\u1ec3 nh\u01b0 sau:<\/p>\n<p>1) <span style=\"text-decoration: underline;\">Ph\u00f2ng Visa<\/span>:<\/p>\n<p>&#8211; 01\/09\/2022: \u0110\u00f3ng c\u1eeda<\/p>\n<p>&#8211; 02\/09\/2022: \u0110\u00f3ng c\u1eeda<\/p>\n<p>2) P<span style=\"text-decoration: underline;\">h\u00f2ng L\u00e3nh s\u1ef1<\/span>:<\/p>\n<p>&#8211; Ng\u00e0y 01\/09\/2022: M\u1edf c\u1eeda t\u1eeb 9.00 \u0111\u1ebfn 12.00<\/p>\n<p>&#8211; Ng\u00e0y 02\/09\/2022: \u0110\u00f3ng c\u1eeda<\/p>\n<p>Trong tr\u01b0\u1eddng h\u1ee3p kh\u1ea9n c\u1ea5p \u0111\u1ed1i v\u1edbi c\u00f4ng d\u00e2n \u00dd c\u00f3 th\u1ec3 li\u00ean h\u1ec7 qua \u0110T 0084(0)903430950, k\u1ec3 c\u1ea3 trong d\u1ecbp ngh\u1ec9 l\u1ec5.<\/p>\n","protected":false},"excerpt":{"rendered":"TH\u00d4NG B\u00c1O Nh\u00e2n d\u1ecbp Qu\u1ed1c kh\u00e1nh Vi\u1ec7t Nam, t\u1ea5t c\u1ea3 c\u00e1c Ph\u00f2ng l\u00e0m vi\u1ec7c c\u1ee7a \u0110\u1ea1i s\u1ee9 qu\u00e1n \u0111\u00f3ng c\u1eeda ng\u00e0y 2 th\u00e1ng 9. Gi\u1edd ti\u1ebfp kh\u00e1ch c\u1ee7a Ph\u00f2ng Visa v\u00e0 L\u00e3nh s\u1ef1 c\u1ee5 th\u1ec3 nh\u01b0 sau: 1) Ph\u00f2ng Visa: &#8211; 01\/09\/2022: \u0110\u00f3ng c\u1eeda &#8211; 02\/09\/2022: \u0110\u00f3ng c\u1eeda 2) Ph\u00f2ng L\u00e3nh s\u1ef1: &#8211; Ng\u00e0y 01\/09\/2022: [&hellip;]","protected":false},"author":1,"featured_media":0,"comment_status":"","ping_status":"","sticky":false,"template":"","format":"standard","meta":{"footnotes":""},"tags":[],"class_list":["post-1545","post","type-post","status-publish","format-standard","hentry"],"_links":{"self":[{"href":"https:\/\/ambhanoi.esteri.it\/vi\/wp-json\/wp\/v2\/posts\/1545","targetHints":{"allow":["GET"]}}],"collection":[{"href":"https:\/\/ambhanoi.esteri.it\/vi\/wp-json\/wp\/v2\/posts"}],"about":[{"href":"https:\/\/ambhanoi.esteri.it\/vi\/wp-json\/wp\/v2\/types\/post"}],"author":[{"embeddable":true,"href":"https:\/\/ambhanoi.esteri.it\/vi\/wp-json\/wp\/v2\/users\/1"}],"replies":[{"embeddable":true,"href":"https:\/\/ambhanoi.esteri.it\/vi\/wp-json\/wp\/v2\/comments?post=1545"}],"version-history":[{"count":0,"href":"https:\/\/ambhanoi.esteri.it\/vi\/wp-json\/wp\/v2\/posts\/1545\/revisions"}],"wp:attachment":[{"href":"https:\/\/ambhanoi.esteri.it\/vi\/wp-json\/wp\/v2\/media?parent=1545"}],"wp:term":[{"taxonomy":"post_tag","embeddable":true,"href":"https:\/\/ambhanoi.esteri.it\/vi\/wp-json\/wp\/v2\/tags?post=1545"}],"curies":[{"name":"wp","href":"https:\/\/api.w.org\/{rel}","templated":true}]}}