{"id":1536,"date":"2022-09-14T11:59:00","date_gmt":"2022-09-14T04:59:00","guid":{"rendered":"https:\/\/ambhanoi.esteri.it\/news\/dall_ambasciata\/2022\/09\/the-traviata-by-artemis-danza-in-2\/"},"modified":"2022-09-14T11:59:00","modified_gmt":"2022-09-14T04:59:00","slug":"the-traviata-by-artemis-danza-in-2","status":"publish","type":"post","link":"https:\/\/ambhanoi.esteri.it\/vi\/news\/dall_ambasciata\/2022\/09\/the-traviata-by-artemis-danza-in-2\/","title":{"rendered":"V\u1ede DI\u1ec4N \u201cTRAVIATA\u201d T\u1ea0I VI\u1ec6T NAM T\u1eea V\u0168 \u0110O\u00c0N ARTEMIS DANZA"},"content":{"rendered":"<p style=\"text-align: right;\"><em>H\u00e0 N\u1ed9i, 14 th\u00e1ng 9 n\u0103m 2022<\/em><\/p>\n<p style=\"text-align: justify;\">\u0110\u1ea1i s\u1ee9 qu\u00e1n Italia t\u1ea1i H\u00e0 N\u1ed9i h\u00e2n h\u1ea1nh mang \u0111\u1ebfn Vi\u1ec7t Nam V\u1edf di\u1ec5n &#8220;<strong>Traviata<\/strong>&#8220;, m\u1ed9t ch\u01b0\u01a1ng tr\u00ecnh m\u00faa \u0111\u01b0\u01a1ng \u0111\u1ea1i \u0111\u1ed9c \u0111\u00e1o l\u1ea5y c\u1ea3m h\u1ee9ng t\u1eeb v\u1edf opera c\u1ee7a nh\u00e0 so\u1ea1n nh\u1ea1c v\u0129 \u0111\u1ea1i ng\u01b0\u1eddi \u00dd Giuseppe Verdi v\u00e0 \u0111\u01b0\u1ee3c tr\u00ecnh di\u1ec5n b\u1edfi v\u0169 \u0111o\u00e0n n\u1ed5i ti\u1ebfng th\u1ebf gi\u1edbi c\u1ee7a Italia &#8220;Artemis Danza&#8221;.<\/p>\n<p style=\"text-align: justify;\">\u0110\u01b0\u1ee3c s\u00e1ng t\u00e1c v\u00e0o n\u0103m 1853, &#8220;La Traviata&#8221; k\u1ec3 l\u1ea1i c\u00e2u chuy\u1ec7n t\u00ecnh \u0111au kh\u1ed5 gi\u1eefa c\u00f4 h\u1ea7u g\u00e1i <strong>Violetta<\/strong> v\u00e0 ch\u00e0ng qu\u00fd t\u1ed9c tr\u1ebb Alfredo. M\u1ed1i quan h\u1ec7 b\u1ea5t h\u1ea1nh c\u1ee7a h\u1ecd, b\u1ecb ng\u0103n c\u1ea3n b\u1edfi gia \u0111\u00ecnh quy\u1ec1n th\u1ebf c\u1ee7a ng\u01b0\u1eddi \u0111\u00e0n \u00f4ng v\u00e0 c\u0103n b\u1ec7nh m\u00e3n t\u00ednh c\u1ee7a Violetta, \u0111\u00e3 truy\u1ec1n c\u1ea3m h\u1ee9ng cho nhi\u1ec1u th\u1ebf h\u1ec7 tr\u00ean kh\u1eafp th\u1ebf gi\u1edbi, bi\u1ebfn Violetta v\u00e0 Alfredo tr\u1edf th\u00e0nh bi\u1ec3u t\u01b0\u1ee3ng b\u1ea5t t\u1eed c\u1ee7a t\u00ecnh y\u00eau v\u00e0 bi k\u1ecbch.<\/p>\n<p style=\"text-align: justify;\"><strong>Artemis Danza<\/strong> tr\u00ecnh b\u00e0y c\u00e2u chuy\u1ec7n theo quan \u0111i\u1ec3m c\u1ee7a Violetta, v\u1edbi \u0111i\u1ec7u nh\u1ea3y th\u1ec3 hi\u1ec7n ni\u1ec1m \u0111am m\u00ea, cu\u1ed9c chi\u1ebfn n\u1ed9i t\u00e2m v\u00e0 s\u1ef1 tuy\u1ec7t v\u1ecdng m\u00e0 c\u00f4 g\u00e1i \u0111\u00e3 tr\u1ea3i qua.<\/p>\n<p>C\u00e1c ch\u01b0\u01a1ng tr\u00ecnh s\u1ebd \u0111\u01b0\u1ee3c bi\u1ec3u di\u1ec5n t\u1ea1i Vi\u1ec7t Nam nh\u01b0 sau:<\/p>\n<p><span style=\"text-decoration: underline;\">19 th\u00e1ng 9, 19:30<\/span><\/p>\n<p>Nh\u00e0 h\u00e1t l\u1edbn H\u1ea3i Ph\u00f2ng <em>(28 Tr\u1ea7n H\u01b0ng \u0110\u1ea1o, H\u1ea3i Ph\u00f2ng)<\/em><\/p>\n<p><span style=\"text-decoration: underline;\">20 th\u00e1ng 9, 19:30<\/span><\/p>\n<p>Nh\u00e0 h\u00e1t V\u0129nh Ph\u00fac <em>(Khai Quang, V\u0129nh Y\u00ean)<\/em><\/p>\n<p><span style=\"text-decoration: underline;\">22 th\u00e1ng 9, 19:30<\/span><\/p>\n<p>Nh\u00e0 h\u00e1t Tu\u1ed5i tr\u1ebb H\u00e0 N\u1ed9i <em>(11 Ng\u00f4 Th\u00ec Nh\u1eadm, Hai B\u00e0 Tr\u01b0ng, \u200b\u200bH\u00e0 N\u1ed9i)<\/em><\/p>\n<p><strong>V\u00e0o c\u1eeda mi\u1ec5n ph\u00ed.<\/strong><\/p>\n<p style=\"text-align: justify;\">T\u1ea1i H\u00e0 N\u1ed9i, kh\u00e1n gi\u1ea3 c\u00f3 th\u1ec3 nh\u1eadn v\u00e9 mi\u1ec5n ph\u00ed (t\u1ed1i \u0111a 4 v\u00e9 \/ ng\u01b0\u1eddi) t\u1ea1i Nh\u00e0 h\u00e1t Tu\u1ed5i tr\u1ebb H\u00e0 N\u1ed9i ho\u1eb7c \u0110\u1ea1i s\u1ee9 qu\u00e1n Italia t\u1eeb ng\u00e0y 16 \u0111\u1ebfn ng\u00e0y 21 th\u00e1ng 9, t\u1eeb 10:00 \u0111\u1ebfn 16:00.<\/p>\n<p>&#8212;&#8211;<\/p>\n<p style=\"text-align: justify;\">V\u00e0o ng\u00e0y 21\/9, Artemis Danza s\u1ebd th\u1ef1c hi\u1ec7n kh\u00f3a h\u1ecdc chuy\u00ean s\u00e2u d\u00e0nh cho c\u00e1c sinh vi\u00ean c\u1ee7a <strong>\u0110\u1ea1i h\u1ecdc S\u00e2n kh\u1ea5u &#8211; \u0110i\u1ec7n \u1ea3nh H\u00e0 N\u1ed9i<\/strong>. Sau \u0111\u00f3, sinh vi\u00ean s\u1ebd c\u00f3 c\u01a1 h\u1ed9i bi\u1ec3u di\u1ec5n tr\u00ean s\u00e2n kh\u1ea5u c\u00f9ng v\u1edbi c\u00e1c v\u0169 c\u00f4ng chuy\u00ean nghi\u1ec7p c\u1ee7a Artemis Danza t\u1ea1i Nh\u00e0 h\u00e1t Tu\u1ed5i tr\u1ebb v\u00e0o ng\u00e0y h\u00f4m sau.<\/p>\n<p>&#8212;&#8211;<\/p>\n<p style=\"text-align: justify;\">S\u00e1ng ki\u1ebfn \u200b\u200bn\u00e0y \u0111\u01b0\u1ee3c t\u1ed5 ch\u1ee9c trong khu\u00f4n kh\u1ed5 Ch\u01b0\u01a1ng tr\u00ecnh H\u1ee3p t\u00e1c V\u0103n h\u00f3a gi\u1eefa Italia v\u00e0 Vi\u1ec7t Nam v\u1edbi s\u1ef1 ph\u1ed1i h\u1ee3p c\u1ee7a \u1ee6y ban Nh\u00e2n d\u00e2n Th\u00e0nh ph\u1ed1 H\u1ea3i Ph\u00f2ng, \u1ee6y ban Nh\u00e2n d\u00e2n t\u1ec9nh V\u0129nh Ph\u00fac v\u00e0 Nh\u00e0 h\u00e1t Tu\u1ed5i tr\u1ebb Vi\u1ec7t Nam, m\u1ed9t trong nh\u1eefng \u0111\u1ecba \u0111i\u1ec3m v\u0103n h\u00f3a c\u1ee7a Vi\u1ec7t Nam.<\/p>\n<p>&#8212;&#8212;<\/p>\n<p><strong>V\u1ec1 Artemis Danza<\/strong><\/p>\n<p style=\"text-align: justify;\">Compagnia Artemis Danza \u0111\u01b0\u1ee3c th\u00e0nh l\u1eadp b\u1edfi bi\u00ean \u0111\u1ea1o m\u00faa ng\u01b0\u1eddi Italia Monica Casadei v\u00e0o n\u0103m 1994. T\u00ednh \u0111\u1ebfn nay, Artemis Danza \u0111\u00e3 d\u00e0n d\u1ef1ng h\u01a1n ba m\u01b0\u01a1i s\u00e1ng t\u00e1c, t\u1eeb c\u00e1c bu\u1ed5i bi\u1ec3u di\u1ec5n m\u00faa \u0111\u01b0\u01a1ng \u0111\u1ea1i \u0111\u1ebfn d\u00e0n d\u1ef1ng cho c\u00e1c bu\u1ed5i bi\u1ec3u di\u1ec5n s\u00e2n kh\u1ea5u v\u00e0 nh\u1ea1c k\u1ecbch. N\u0103m 2007, Artemis Danza tr\u1edf th\u00e0nh th\u00e0nh vi\u00ean c\u1ee7a WDA-World Dance Alliance Ch\u00e2u \u00c2u d\u01b0\u1edbi s\u1ef1 b\u1ea3o tr\u1ee3 c\u1ee7a UNESCO.<\/p>\n<p>Th\u00f4ng tin th\u00eam t\u1ea1i: <a href=\"https:\/\/artemisdanza.com\/\">https:\/\/artemisdanza.com\/<\/a><\/p>\n<p>&#8212;&#8211;<\/p>\n<p style=\"text-align: justify;\">M\u00faa \u0111\u01b0\u01a1ng \u0111\u1ea1i l\u00e0 m\u1ed9t trong nh\u1eefng n\u00e9t \u0111\u1eb7c s\u1eafc c\u1ee7a v\u0103n h\u00f3a Italia, n\u1ed5i b\u1eadt v\u1edbi chi\u1ebfn d\u1ecbch truy\u1ec1n th\u00f4ng tr\u00ean m\u1ea1ng x\u00e3 h\u1ed9i <strong>\u201cN\u01b0\u1edbc \u00dd \u0111\u01a1n gi\u1ea3n l\u00e0 phi th\u01b0\u1eddng: beIT\u201d<\/strong>, hi\u1ec7n \u0111ang di\u1ec5n ra t\u1ea1i 26 qu\u1ed1c gia, trong \u0111\u00f3 c\u00f3 Vi\u1ec7t Nam.<\/p>\n<p style=\"text-align: justify;\">\u0110\u1ec3 bi\u1ebft th\u00eam th\u00f4ng tin, vui l\u00f2ng truy c\u1eadp trang web ch\u00ednh th\u1ee9c c\u1ee7a chi\u1ebfn d\u1ecbch (ch\u1ecdn ng\u00f4n ng\u1eef ti\u1ebfng Vi\u1ec7t): <a href=\"https:\/\/madeinitaly.gov.it\/vi\/be-it\/\">https:\/\/madeinitaly.gov.it\/vi\/be-it\/<\/a><\/p>\n<p>&#8212;&#8211;<\/p>\n<p><strong>Th\u00f4ng tin chi ti\u1ebft<\/strong>, vui l\u00f2ng li\u00ean h\u1ec7:<\/p>\n<p>\u0110\u1ea1i s\u1ee9 qu\u00e1n Italia t\u1ea1i Vi\u1ec7t Nam, V\u0103n ph\u00f2ng V\u0103n h\u00f3a: <a href=\"mailto:culturale.hanoi@esteri.it\">culturale.hanoi@esteri.it<\/a><\/p>\n<p>&#8212;&#8211;<\/p>\n","protected":false},"excerpt":{"rendered":"H\u00e0 N\u1ed9i, 14 th\u00e1ng 9 n\u0103m 2022 \u0110\u1ea1i s\u1ee9 qu\u00e1n Italia t\u1ea1i H\u00e0 N\u1ed9i h\u00e2n h\u1ea1nh mang \u0111\u1ebfn Vi\u1ec7t Nam V\u1edf di\u1ec5n &#8220;Traviata&#8220;, m\u1ed9t ch\u01b0\u01a1ng tr\u00ecnh m\u00faa \u0111\u01b0\u01a1ng \u0111\u1ea1i \u0111\u1ed9c \u0111\u00e1o l\u1ea5y c\u1ea3m h\u1ee9ng t\u1eeb v\u1edf opera c\u1ee7a nh\u00e0 so\u1ea1n nh\u1ea1c v\u0129 \u0111\u1ea1i ng\u01b0\u1eddi \u00dd Giuseppe Verdi v\u00e0 \u0111\u01b0\u1ee3c tr\u00ecnh di\u1ec5n b\u1edfi v\u0169 \u0111o\u00e0n n\u1ed5i [&hellip;]","protected":false},"author":1,"featured_media":0,"comment_status":"","ping_status":"","sticky":false,"template":"","format":"standard","meta":{"footnotes":""},"tags":[],"class_list":["post-1536","post","type-post","status-publish","format-standard","hentry"],"_links":{"self":[{"href":"https:\/\/ambhanoi.esteri.it\/vi\/wp-json\/wp\/v2\/posts\/1536","targetHints":{"allow":["GET"]}}],"collection":[{"href":"https:\/\/ambhanoi.esteri.it\/vi\/wp-json\/wp\/v2\/posts"}],"about":[{"href":"https:\/\/ambhanoi.esteri.it\/vi\/wp-json\/wp\/v2\/types\/post"}],"author":[{"embeddable":true,"href":"https:\/\/ambhanoi.esteri.it\/vi\/wp-json\/wp\/v2\/users\/1"}],"replies":[{"embeddable":true,"href":"https:\/\/ambhanoi.esteri.it\/vi\/wp-json\/wp\/v2\/comments?post=1536"}],"version-history":[{"count":0,"href":"https:\/\/ambhanoi.esteri.it\/vi\/wp-json\/wp\/v2\/posts\/1536\/revisions"}],"wp:attachment":[{"href":"https:\/\/ambhanoi.esteri.it\/vi\/wp-json\/wp\/v2\/media?parent=1536"}],"wp:term":[{"taxonomy":"post_tag","embeddable":true,"href":"https:\/\/ambhanoi.esteri.it\/vi\/wp-json\/wp\/v2\/tags?post=1536"}],"curies":[{"name":"wp","href":"https:\/\/api.w.org\/{rel}","templated":true}]}}