{"id":1513,"date":"2022-10-25T05:40:38","date_gmt":"2022-10-24T22:40:38","guid":{"rendered":"https:\/\/ambhanoi.esteri.it\/news\/dall_ambasciata\/2022\/10\/missione-a-roma-di-una-delegazione-2\/"},"modified":"2022-10-25T05:40:38","modified_gmt":"2022-10-24T22:40:38","slug":"missione-a-roma-di-una-delegazione-2","status":"publish","type":"post","link":"https:\/\/ambhanoi.esteri.it\/vi\/news\/dall_ambasciata\/2022\/10\/missione-a-roma-di-una-delegazione-2\/","title":{"rendered":"Chuy\u1ebfn th\u0103m v\u00e0 l\u00e0m vi\u1ec7c t\u1ea1i Rome c\u1ee7a \u0111o\u00e0n c\u00f4ng t\u00e1c B\u1ed9 T\u01b0 ph\u00e1p Vi\u1ec7t Nam do Th\u1ee9 tr\u01b0\u1edfng Phan Ch\u00ed Hi\u1ebfu l\u00e0m tr\u01b0\u1edfng \u0111o\u00e0n"},"content":{"rendered":"<p style=\"text-align: justify;\">T\u1eeb ng\u00e0y 19 \u0111\u1ebfn ng\u00e0y 21 th\u00e1ng 10 n\u0103m 2022, \u0111o\u00e0n c\u00f4ng t\u00e1c c\u1ee7a B\u1ed9 T\u01b0 ph\u00e1p Vi\u1ec7t Nam do Th\u1ee9 tr\u01b0\u1edfng Phan Ch\u00ed Hi\u1ebfu d\u1eabn \u0111\u1ea7u \u0111\u00e3 th\u1ef1c hi\u1ec7n chuy\u1ebfn c\u00f4ng t\u00e1c t\u1ea1i Rome.<\/p>\n<p style=\"text-align: justify;\">\u0110o\u00e0n c\u00f4ng t\u00e1c \u0111\u00e3 g\u00f3p ph\u1ea7n \u0111\u1ea9y m\u1ea1nh quan h\u1ec7 h\u1ee3p t\u00e1c t\u01b0 ph\u00e1p gi\u1eefa Italia v\u00e0 Vi\u1ec7t Nam trong khu\u00f4n kh\u1ed5 B\u1ea3n ghi nh\u1edb \u0111\u01b0\u1ee3c k\u00fd k\u1ebft gi\u1eefa B\u1ed9 T\u01b0 ph\u00e1p hai n\u01b0\u1edbc v\u00e0o ng\u00e0y 27 th\u00e1ng 10 n\u0103m 2016.<\/p>\n<p style=\"text-align: justify;\">\u0110o\u00e0n c\u00f4ng t\u00e1c Vi\u1ec7t Nam \u0111\u00e3 c\u00f3 c\u00e1c bu\u1ed5i l\u00e0m vi\u1ec7c v\u1edbi V\u1ee5 C\u00e1c v\u1ea5n \u0111\u1ec1 T\u01b0 ph\u00e1p c\u1ee7a B\u1ed9 T\u01b0 ph\u00e1p Italia do T\u1ed5ng V\u1ee5 tr\u01b0\u1edfng Nicola Russo l\u00e0m tr\u01b0\u1edfng \u0111o\u00e0n, H\u1ed9i \u0111\u1ed3ng T\u01b0 ph\u00e1p Qu\u1ed1c gia, H\u1ed9i \u0111\u1ed3ng C\u00f4ng ch\u1ee9ng Qu\u1ed1c gia, Trung t\u00e2m Tr\u1ecdng t\u00e0i Qu\u1ed1c t\u1ebf \u0111\u1eb7t t\u1ea1i Rome v\u00e0 Khoa Lu\u1eadt tr\u01b0\u1eddng \u0110\u1ea1i h\u1ecdc Sapienza.<\/p>\n<p>\u0110\u1ec3 bi\u1ebft th\u00eam th\u00f4ng tin chi ti\u1ebft vui l\u00f2ng xem t\u1ea1i:<\/p>\n<p><a href=\"https:\/\/www.vietnamplus.vn\/viet-nam-va-italy-tang-cuong-hop-tac-ve-tu-phap-va-phap-luat\/824959.amp?fbclid=IwAR0IybEPsbdFb3khbxn-7ASqC-f55Mav2ic6rAmJtTjEirUksQzJ1rrM-ao\">https:\/\/www.vietnamplus.vn\/viet-nam-va-italy-tang-cuong-hop-tac-ve-tu-phap-va-phap-luat\/824959.amp?fbclid=IwAR0IybEPsbdFb3khbxn-7ASqC-f55Mav2ic6rAmJtTjEirUksQzJ1rrM-ao<\/a><\/p>\n","protected":false},"excerpt":{"rendered":"T\u1eeb ng\u00e0y 19 \u0111\u1ebfn ng\u00e0y 21 th\u00e1ng 10 n\u0103m 2022, \u0111o\u00e0n c\u00f4ng t\u00e1c c\u1ee7a B\u1ed9 T\u01b0 ph\u00e1p Vi\u1ec7t Nam do Th\u1ee9 tr\u01b0\u1edfng Phan Ch\u00ed Hi\u1ebfu d\u1eabn \u0111\u1ea7u \u0111\u00e3 th\u1ef1c hi\u1ec7n chuy\u1ebfn c\u00f4ng t\u00e1c t\u1ea1i Rome. \u0110o\u00e0n c\u00f4ng t\u00e1c \u0111\u00e3 g\u00f3p ph\u1ea7n \u0111\u1ea9y m\u1ea1nh quan h\u1ec7 h\u1ee3p t\u00e1c t\u01b0 ph\u00e1p gi\u1eefa Italia v\u00e0 Vi\u1ec7t Nam trong [&hellip;]","protected":false},"author":1,"featured_media":0,"comment_status":"","ping_status":"","sticky":false,"template":"","format":"standard","meta":{"footnotes":""},"tags":[],"class_list":["post-1513","post","type-post","status-publish","format-standard","hentry"],"_links":{"self":[{"href":"https:\/\/ambhanoi.esteri.it\/vi\/wp-json\/wp\/v2\/posts\/1513","targetHints":{"allow":["GET"]}}],"collection":[{"href":"https:\/\/ambhanoi.esteri.it\/vi\/wp-json\/wp\/v2\/posts"}],"about":[{"href":"https:\/\/ambhanoi.esteri.it\/vi\/wp-json\/wp\/v2\/types\/post"}],"author":[{"embeddable":true,"href":"https:\/\/ambhanoi.esteri.it\/vi\/wp-json\/wp\/v2\/users\/1"}],"replies":[{"embeddable":true,"href":"https:\/\/ambhanoi.esteri.it\/vi\/wp-json\/wp\/v2\/comments?post=1513"}],"version-history":[{"count":0,"href":"https:\/\/ambhanoi.esteri.it\/vi\/wp-json\/wp\/v2\/posts\/1513\/revisions"}],"wp:attachment":[{"href":"https:\/\/ambhanoi.esteri.it\/vi\/wp-json\/wp\/v2\/media?parent=1513"}],"wp:term":[{"taxonomy":"post_tag","embeddable":true,"href":"https:\/\/ambhanoi.esteri.it\/vi\/wp-json\/wp\/v2\/tags?post=1513"}],"curies":[{"name":"wp","href":"https:\/\/api.w.org\/{rel}","templated":true}]}}