{"id":1446,"date":"2023-02-10T12:12:07","date_gmt":"2023-02-10T05:12:07","guid":{"rendered":"https:\/\/ambhanoi.esteri.it\/news\/dall_ambasciata\/2023\/02\/rome-presents-to-vietnam-its-project-2\/"},"modified":"2023-02-10T12:12:07","modified_gmt":"2023-02-10T05:12:07","slug":"rome-presents-to-vietnam-its-project-2","status":"publish","type":"post","link":"https:\/\/ambhanoi.esteri.it\/vi\/news\/dall_ambasciata\/2023\/02\/rome-presents-to-vietnam-its-project-2\/","title":{"rendered":"Roma x\u00fac ti\u1ebfn qu\u1ea3ng b\u00e1 t\u1ea1i Vi\u1ec7t Nam chi\u1ebfn d\u1ecbch \u1ee9ng c\u1eed \u0111\u0103ng cai World Expo 2030"},"content":{"rendered":"<p style=\"text-align: justify;\"><strong>H\u00e0 n\u1ed9i, ng\u00e0y 11 th\u00e1ng 2 n\u0103m 2023<\/strong> \u2013 <em>Th\u1ee9 tr\u01b0\u1edfng B\u1ed9 Ngo\u1ea1i giao v\u00e0 H\u1ee3p t\u00e1c Qu\u1ed1c t\u1ebf Italia, b\u00e0 Maria Tripodi, d\u1eabn \u0111\u1ea7u \u0111o\u00e0n ph\u00e1i \u0111o\u00e0n qu\u1ea3ng b\u00e1 chi\u1ebfn d\u1ecbch th\u1ee7 \u0111\u00f4 Roma c\u1ee7a \u00dd \u1ee9ng c\u1eed \u0111\u0103ng cai t\u1ed5 ch\u1ee9c World Expo 2030, \u0111\u00e3 c\u00f3 chuy\u1ebfn th\u0103m v\u00e0 l\u00e0m vi\u1ec7c t\u1ea1i Vi\u1ec7t Nam.<\/em><\/p>\n<p style=\"text-align: justify;\"><span style=\"text-decoration: underline;\">Tri\u1ec3n l\u00e3m th\u1ebf gi\u1edbi \u2013 World Expo<\/span><\/p>\n<p style=\"text-align: justify;\">World Expo \u0111\u01b0\u1ee3c coi l\u00e0 m\u1ed9t trong nh\u1eefng s\u1ef1 ki\u1ec7n qu\u1ed1c t\u1ebf l\u1edbn nh\u1ea5t \u0111\u01b0\u1ee3c t\u1ed5 ch\u1ee9c tr\u00ean quy m\u00f4 to\u00e0n c\u1ea7u. V\u1edbi b\u1ec1 d\u00e0y l\u1ecbch s\u1eed h\u01a1n\u00a0170 n\u0103m, s\u1ef1 ki\u1ec7n l\u00e0 c\u01a1 h\u1ed9i qu\u00fd gi\u00e1 \u0111\u1ec3 c\u00e1c qu\u1ed1c gia tham d\u1ef1 qu\u1ea3ng b\u00e1 b\u1ea3n s\u1eafc, kh\u00e1t v\u1ecdng, ti\u1ec1m n\u0103ng v\u00e0 nh\u1eefng th\u00e0nh t\u1ef1u c\u00f4ng ngh\u1ec7 c\u1ee7a m\u00ecnh. Tri\u1ec3n l\u00e3m Th\u1ebf gi\u1edbi ch\u00e0o \u0111\u00f3n h\u00e0ng ch\u1ee5c tri\u1ec7u du kh\u00e1ch t\u1edbi tham quan, t\u1ea1o c\u01a1 h\u1ed9i cho c\u00e1c qu\u1ed1c gia thi\u1ebft k\u1ebf n\u00ean nh\u1eefng gian h\u00e0ng \u0111\u1ed9c \u0111\u00e1o v\u00e0 thay \u0111\u1ed5i di\u1ec7n m\u1ea1o c\u1ee7a th\u00e0nh ph\u1ed1 \u0111\u0103ng cai s\u1ef1 ki\u1ec7n n\u00e0y. B\u00ean c\u1ea1nh \u0111\u00f3, \u0111\u00e2y c\u0169ng l\u00e0 n\u01a1i c\u00e1c qu\u1ed1c gia tr\u00ean th\u1ebf gi\u1edbi quy t\u1ee5 l\u1ea1i, cam k\u1ebft c\u00f9ng t\u00ecm ki\u1ebfm gi\u1ea3i ph\u00e1p cho nh\u1eefng th\u00e1ch th\u1ee9c c\u1ee7a th\u1eddi \u0111\u1ea1i, t\u1eeb \u0111\u00f3 \u0111\u00f3ng g\u00f3p cho s\u1ef1 ph\u00e1t tri\u1ec3n chung c\u1ee7a nh\u00e2n lo\u1ea1i.<\/p>\n<p style=\"text-align: justify;\"><span style=\"text-decoration: underline;\">Chi\u1ebfn d\u1ecbch Roma \u1ee9ng c\u1eed \u0111\u0103ng cai t\u1ed5 ch\u1ee9c World Expo 2030<\/span><\/p>\n<p style=\"text-align: justify;\">C\u00f9ng tinh th\u1ea7n c\u1ee7a c\u00e1c k\u1ef3 tri\u1ec3n l\u00e3m, th\u1ee7 \u0111\u00f4 n\u01b0\u1edbc \u00dd \u2013 Roma gi\u1edbi thi\u1ec7u chi\u1ebfn d\u1ecbch \u1ee9ng c\u1eed \u0111\u0103ng cai t\u1ed5 ch\u1ee9c World Expo 2030 v\u1edbi ch\u1ee7 \u0111\u1ec1: \u201cCon ng\u01b0\u1eddi v\u00e0 c\u00e1c v\u00f9ng l\u00e3nh th\u1ed5: t\u00e1i t\u1ea1o, h\u00f2a nh\u1eadp v\u00e0 \u0111\u1ed5i m\u1edbi\u201d. T\u1edbi n\u0103m 2050, c\u00e1c \u0111\u00f4 th\u1ecb s\u1ebd l\u00e0 n\u01a1i sinh s\u1ed1ng c\u1ee7a 2\/3 d\u00e2n s\u1ed1 th\u1ebf gi\u1edbi. M\u1ed1i quan h\u1ec7 gi\u1eefa con ng\u01b0\u1eddi v\u00e0 c\u00e1c v\u00f9ng l\u00e3nh th\u1ed5 s\u1ebd tr\u1edf th\u00e0nh m\u1ed9t th\u00e1ch th\u1ee9c \u0111\u00f2i h\u1ecfi nh\u1eefng gi\u1ea3i ph\u00e1p \u0111\u1ed9t ph\u00e1 \u0111\u1ec3 \u0111\u1ea3m b\u1ea3o s\u1ef1 c\u00e2n b\u1eb1ng b\u1ec1n v\u1eefng cho con ng\u01b0\u1eddi v\u00e0 m\u00f4i tr\u01b0\u1eddng.<\/p>\n<p style=\"text-align: justify;\">K\u1ec3 t\u1eeb khi th\u00e0nh l\u1eadp, Roma \u0111\u00e3 th\u00e0nh c\u00f4ng trong vi\u1ec7c t\u1ea1o ra m\u1ed9t h\u00ecnh th\u00e1i \u0111\u00f4 th\u1ecb m\u1edbi h\u00e0i h\u00f2a, k\u1ebft n\u1ed1i v\u00e0 b\u1ec1n v\u1eefng v\u1edbi c\u00e1c d\u1ecbch v\u1ee5 k\u1ef9 thu\u1eadt s\u1ed1 v\u00e0 kh\u00f4ng gian xanh l\u00e0 m\u1ed9t ph\u1ea7n thi\u1ebft y\u1ebfu v\u00e0 d\u1ec5 d\u00e0ng ti\u1ebfp c\u1eadn c\u1ee7a m\u00f4i tr\u01b0\u1eddng s\u1ed1ng \u0111\u00f4 th\u1ecb. V\u1edbi b\u1ec1 d\u00e0y l\u1ecbch s\u1eed, c\u00e1c di s\u1ea3n, t\u00ednh s\u00e1ng t\u1ea1o, s\u1ef1 li\u00ean k\u1ebft gi\u1eefa v\u0103n h\u00f3a v\u00e0 khoa h\u1ecdc, Roma \u0111\u1ea1i di\u1ec7n cho h\u00ecnh m\u1eabu l\u00fd t\u01b0\u1edfng v\u1ec1 m\u1ed9t \u0111\u00f4 th\u1ecb \u0111\u01b0\u1ee3c x\u00e2y d\u1ef1ng d\u1ef1a tr\u00ean n\u1ec1n t\u1ea3ng c\u1ee7a s\u1ef1 \u0111\u1ed5i m\u1edbi v\u00e0 t\u00ednh b\u1ec1n v\u1eefng.<\/p>\n<p style=\"text-align: justify;\">\u201cTh\u00e0nh ph\u1ed1 v\u0129nh h\u1eb1ng\u201d l\u00e0 m\u1ed9t danh hi\u1ec7u x\u1ee9ng \u0111\u00e1ng v\u1edbi th\u00e0nh ph\u1ed1 Roma. Tr\u1ea3i qua g\u1ea7n 3.000 n\u0103m, th\u1ee7 \u0111\u00f4 n\u01b0\u1edbc \u00dd \u0111\u00e3 ti\u1ebfp n\u1ed1i d\u00f2ng ch\u1ea3y c\u1ee7a l\u1ecbch s\u1eed, kh\u00f4ng ng\u1eebng chuy\u1ec3n m\u00ecnh, v\u00e0 vi\u1ebft n\u00ean m\u1ed9t hi\u1ec7n t\u1ea1i m\u1edbi. N\u1eb1m \u1edf v\u1ecb tr\u00ed trung t\u00e2m \u0110\u1ecba Trung H\u1ea3i, n\u01a1i giao thoa c\u1ee7a 3 l\u1ee5c \u0111\u1ecba, Roma \u0111\u00e3 thu h\u00fat nh\u1eefng \u00fd t\u01b0\u1edfng v\u00e0 t\u00e0i n\u0103ng t\u1eeb nhi\u1ec1u qu\u1ed1c gia v\u00e0 n\u1ec1n v\u0103n h\u00f3a tr\u00ean th\u1ebf gi\u1edbi t\u1ec1 t\u1ef1u v\u00e0 c\u00f9ng n\u1edf r\u1ed9.<\/p>\n<p style=\"text-align: justify;\"><span style=\"text-decoration: underline;\">Nhi\u1ec7m v\u1ee5 c\u1ee7a Th\u1ee9 tr\u01b0\u1edfng B\u1ed9 Ngo\u1ea1i giao v\u00e0 H\u1ee3p t\u00e1c Qu\u1ed1c t\u1ebf Italia \u2013 B\u00e0 Maria Tripodi<\/span><\/p>\n<p style=\"text-align: justify;\">Th\u1ee9 tr\u01b0\u1edfng B\u1ed9 Ngo\u1ea1i giao v\u00e0 H\u1ee3p t\u00e1c Qu\u1ed1c t\u1ebf Italia \u2013 B\u00e0 Maria Tripodi \u0111\u00e3 c\u00f3 chuy\u1ebfn th\u0103m t\u1edbi Vi\u1ec7t Nam, \u0111\u1ea1i di\u1ec7n cho Ch\u00ednh ph\u1ee7 Italia gi\u1edbi thi\u1ec7u chi\u1ebfn d\u1ecbch Roma \u1ee9ng c\u1eed \u0111\u0103ng cai t\u1ed5 ch\u1ee9c World Expo 2030 t\u1edbi c\u00e1c c\u01a1 quan qu\u1ea3n l\u00fd v\u00e0 c\u00f4ng ch\u00fang Vi\u1ec7t Nam.<\/p>\n<p style=\"text-align: justify;\">Th\u1ee9 tr\u01b0\u1edfng Maria Tripodi d\u1eabn \u0111\u1ea7u ph\u00e1i \u0111o\u00e0n c\u00f4ng t\u00e1c bao g\u1ed3m Gi\u00e1o s\u01b0 Romeo Orlandi \u2013 \u0110\u1eb7c ph\u00e1i vi\u00ean ch\u00e2u \u00c1 \u1ee6y ban qu\u1ed1c gia v\u1ec1 chi\u1ebfn d\u1ecbch; C\u1ed1 v\u1ea5n v\u1ec1 quan h\u1ec7 qu\u1ed1c t\u1ebf c\u1ee7a Th\u1ecb tr\u01b0\u1edfng th\u00e0nh ph\u1ed1 Roma \u2013 \u00f4ng Ugo Papi; Gi\u00e1m \u0111\u1ed1c B\u1ea3o t\u00e0ng Galleria Borghese t\u1ea1i Rome \u2013 b\u00e0 Francesca Cappelletti; c\u00f9ng v\u1edbi \u0111\u1ea1i di\u1ec7n t\u1edbi t\u1eeb c\u00e1c doanh nghi\u1ec7p l\u1edbn c\u1ee7a Italia nh\u01b0 Thales Alenia Space Italia, Fincantieri Group v\u00e0 Leonardo S.p.A.<\/p>\n<p style=\"text-align: justify;\">Trong nh\u1eefng ng\u00e0y t\u1edbi, Th\u1ee9 tr\u01b0\u1edfng v\u00e0 c\u00e1c th\u00e0nh vi\u00ean ph\u00e1i \u0111o\u00e0n s\u1ebd g\u1eb7p g\u1ee1 \u0111\u1ea1i di\u1ec7n c\u1ee7a Ch\u00ednh ph\u1ee7 Vi\u1ec7t Nam v\u00e0 c\u00e1c c\u01a1 quan h\u1eefu quan \u0111\u1ec3 c\u00f9ng th\u1ea3o lu\u1eadn v\u1ec1 nh\u1eefng c\u01a1 h\u1ed9i h\u1ee3p t\u00e1c trong khu\u00f4n kh\u1ed5 s\u1ef1 ki\u1ec7n World Expo 2030.<\/p>\n<p style=\"text-align: justify;\">L\u1ea7n c\u00f4ng t\u00e1c n\u00e0y c\u1ee7a Th\u1ee9 tr\u01b0\u1edfng Maria Tripodi c\u0169ng \u0111\u00e1nh d\u1ea5u chuy\u1ebfn th\u0103m ch\u00ednh th\u1ee9c \u0111\u1ea7u ti\u00ean t\u1edbi Vi\u1ec7t Nam c\u1ee7a m\u1ed9t th\u00e0nh vi\u00ean Ch\u00ednh ph\u1ee7 Italia trong b\u1ed1i c\u1ea3nh hai n\u01b0\u1edbc k\u1ef7 ni\u1ec7m 50 n\u0103m thi\u1ebft l\u1eadp quan h\u1ec7 ngo\u1ea1i giao v\u00e0 k\u1ef7 ni\u1ec7m 10 n\u0103m thi\u1ebft l\u1eadp quan h\u1ec7 \u0111\u1ed1i t\u00e1c chi\u1ebfn l\u01b0\u1ee3c. Chu\u1ed7i ho\u1ea1t \u0111\u1ed9ng k\u1ef7 ni\u1ec7m b\u1eaft \u0111\u1ea7u v\u1edbi h\u00f2a nh\u1ea1c \u201cFrom Italy with love\u201d \u0111\u01b0\u1ee3c t\u1ed5 ch\u1ee9c t\u1ea1i Nh\u00e0 h\u00e1t l\u1edbn H\u00e0 N\u1ed9i trong hai ng\u00e0y 11-12\/02\/2023 c\u00f3 s\u1ef1 tham gia c\u1ee7a D\u00e0n nh\u1ea1c giao h\u01b0\u1edfng S\u00e0i G\u00f2n bi\u1ec3u di\u1ec5n c\u00e1c nh\u1ea1c ph\u1ea9m Italia c\u1ed5 \u0111i\u1ec3n v\u00e0 \u0111\u01b0\u01a1ng \u0111\u1ea1i.<\/p>\n<p style=\"text-align: justify;\"><span style=\"text-decoration: underline;\">Chi\u1ebfn d\u1ecbch Roma Expo 2030<\/span><\/p>\n<p style=\"text-align: justify;\">V\u1edbi Italia, World Expo 2030 t\u1ea1i Roma kh\u00f4ng ch\u1ec9 l\u00e0 m\u1ed9t tri\u1ec3n l\u00e3m \u0111\u01a1n thu\u1ea7n, m\u00e0 \u0111\u00f3 l\u00e0 m\u1ed9t chi\u1ebfn d\u1ecbch chung \u0111\u01b0\u1ee3c \u0111\u1ed3ng ph\u00e1t tri\u1ec3n b\u1edfi t\u1ea5t c\u1ea3 c\u00e1c qu\u1ed1c gia c\u00f3 chung mong mu\u1ed1n tr\u1edf th\u00e0nh m\u1ed9t ph\u1ea7n c\u1ee7a t\u01b0\u01a1ng tai b\u1ec1n v\u1eefng v\u00e0 h\u00f2a nh\u1eadp. Roma cung c\u1ea5p cho t\u1ea5t c\u1ea3 c\u00e1c \u0111\u1ea5t n\u01b0\u1edbc tham gia nh\u1eefng d\u1ef1 \u00e1n h\u1ee3p t\u00e1c c\u1ee5 th\u1ec3, t\u1eadp trung v\u00e0o c\u00e1c kinh nghi\u1ec7m v\u00e0 nhu c\u1ea7u kh\u00e1c nhau c\u1ee7a c\u00e1c qu\u1ed1c gia. Kh\u00f4ng ch\u1ec9 th\u1ebf, Roma Expo 2030 l\u1ea7n \u0111\u1ea7u ti\u00ean s\u1ebd t\u1ea1o \u0111i\u1ec1u ki\u1ec7n cho c\u00e1c qu\u1ed1c gia c\u00f3 c\u01a1 h\u1ed9i gi\u1eef l\u1ea1i kh\u00f4ng gian tri\u1ec3n l\u00e3m ngay c\u1ea3 khi World Expo \u0111\u00e3 k\u1ebft<br \/>th\u00fac. Nh\u1eefng kh\u00f4ng gian \u0111\u00f3 s\u1ebd t\u1ea1o n\u00ean m\u1ed9t trung t\u00e2m nghi\u00ean c\u1ee9u v\u00e0 ph\u00e1t tri\u1ec3n qu\u1ed1c t\u1ebf v\u1ec1 c\u00e1c ch\u1ee7 \u0111\u1ec1 c\u1ee7a World Expo, \u0111\u1ed3ng th\u1eddi mang \u0111\u1ebfn cho m\u1ed7i qu\u1ed1c gia c\u01a1 h\u1ed9i \u0111\u01b0\u1ee3c chi\u00eam ng\u01b0\u1ee1ng m\u1ed9t tri\u1ec3n l\u00e3m v\u0129nh c\u1eedu ngay t\u1ea1i m\u1ed9t trong nh\u1eefng qu\u1ed1c gia s\u00e1ng l\u1eadp c\u1ee7a Li\u00ean minh ch\u00e2u \u00c2u v\u00e0 c\u0169ng l\u00e0 m\u1ed9t th\u00e0nh vi\u00ean c\u1ee7a G7.<\/p>\n<p style=\"text-align: justify;\"><span style=\"text-decoration: underline;\">Khu v\u1ef1c t\u1ed5 ch\u1ee9c Roma Expo 2030<\/span><\/p>\n<p style=\"text-align: justify;\">N\u1ebfu gi\u00e0nh \u0111\u01b0\u1ee3c quy\u1ec1n \u0111\u0103ng cai, Roma Expo 2030 s\u1ebd \u0111\u01b0\u1ee3c t\u1ed5 ch\u1ee9c t\u1eeb 1\/5 \u2013 31\/10\/2030 t\u1ea1i khu v\u1ef1c Tor Vergata ph\u00eda \u0111\u00f4ng nam c\u1ee7a th\u1ee7 \u0111\u00f4 Roma. \u0110\u00e2y l\u00e0 n\u01a1i t\u1ecda l\u1ea1c c\u1ee7a m\u1ed9t trong nh\u1eefng tr\u01b0\u1eddng \u0111\u1ea1i h\u1ecdc danh ti\u1ebfng nh\u1ea5t Roma, c\u00e1c trung t\u00e2m nghi\u00ean c\u1ee9u quan tr\u1ecdng tr\u00ean to\u00e0n c\u1ea7u, v\u00e0 c\u00e1c di t\u00edch c\u1ed5 k\u00ednh &#8211; tr\u00e1ng l\u1ec7 m\u00e0 c\u0169ng r\u1ea5t hi\u1ec7n \u0111\u1ea1i c\u1ee7a th\u00e0nh ph\u1ed1 n\u00e0y. D\u01b0\u1edbi b\u00e0n tay c\u1ee7a ki\u1ebfn tr\u00fac s\u01b0 n\u1ed5i ti\u1ebfng Carlo Ratti, khu v\u1ef1c n\u00e0y h\u1ee9a h\u1eb9n kh\u00f4ng ch\u1ec9 mang t\u1edbi m\u1ed9t h\u1ec7 sinh th\u00e1i c\u00f3 kh\u1ea3 n\u0103ng tu\u1ea7n ho\u00e0n t\u1ed1i \u0111a, m\u00e0 c\u00f2n c\u00f3 th\u1ec3 s\u1ea3n xu\u1ea5t v\u00e0 chia s\u1ebb n\u0103ng l\u01b0\u1ee3ng s\u1ea1ch cho c\u00e1c khu v\u1ef1c l\u00e2n c\u1eadn kh\u00e1c.<\/p>\n<p style=\"text-align: justify;\"><span style=\"text-decoration: underline;\">Bi\u1ec3u t\u01b0\u1ee3ng c\u1ee7a Roma Expo 2030<\/span><\/p>\n<p style=\"text-align: justify;\">Bi\u1ec3u t\u01b0\u1ee3ng c\u1ee7a Roma Expo 2030 l\u00e0 chi\u1ebfc c\u1ed5ng v\u00f2m c\u00e1ch \u0111i\u1ec7u v\u1edbi \u0111a d\u1ea1ng c\u00e1c m\u00e0u s\u1eafc thay \u0111\u1ed5i li\u00ean t\u1ee5c t\u1ea1o ra c\u00e1c hi\u1ec7u \u1ee9ng v\u00f4 t\u1eadn v\u1ec1 th\u1ecb gi\u00e1c. L\u1ea7n \u0111\u1ea7u ti\u00ean trong l\u1ecbch s\u1eed c\u00e1c k\u1ef3 tri\u1ec3n l\u00e3m, bi\u1ec3u t\u01b0\u1ee3ng \u0111\u01b0\u1ee3c l\u1ea5y c\u1ea3m h\u1ee9ng t\u1eeb NFT \u2013 b\u01b0\u1edbc \u0111\u1ed9t ph\u00e1 trong l\u0129nh v\u1ef1c ngh\u1ec7 thu\u1eadt s\u1ed1 d\u1ef1a tr\u00ean c\u00f4ng ngh\u1ec7 blockchain.<\/p>\n<p style=\"text-align: justify;\"><span style=\"text-decoration: underline;\">\u0110\u01b0\u1eddng t\u1edbi World Expo 2030<\/span><\/p>\n<p style=\"text-align: justify;\">Th\u00e1ng 9\/2021, Ch\u00ednh ph\u1ee7 Italia \u0111\u00e3 ch\u00ednh th\u1ee9c kh\u1edfi \u0111\u1ed9ng chi\u1ebfn d\u1ecbch Roma Expo 2030 qua l\u00e1 th\u01b0 \u1ee9ng c\u1eed \u0111\u01b0\u1ee3c g\u1eedi t\u1edbi T\u1ed5 ch\u1ee9c tri\u1ec3n l\u00e3m Th\u1ebf gi\u1edbi (BIE) t\u1ea1i Paris. H\u1ed3 s\u01a1 \u0111\u1ea7y \u0111\u1ee7 sau \u0111\u00f3 \u0111\u00e3 \u0111\u01b0\u1ee3c \u0111\u1ec7 tr\u00ecnh l\u00ean BIE v\u00e0o th\u00e1ng 9\/2022. D\u1ef1 ki\u1ebfn, t\u1ed5 ch\u1ee9c n\u00e0y s\u1ebd c\u00f3 chuy\u1ebfn kh\u1ea3o s\u00e1t th\u1ef1c t\u1ebf v\u00e0o th\u00e1ng 4\/2023 v\u00e0 c\u00f4ng b\u1ed1 k\u1ebft qu\u1ea3 ch\u00ednh th\u1ee9c v\u1ec1 qu\u1ed1c gia gi\u00e0nh \u0111\u01b0\u1ee3c quy\u1ec1n \u0111\u0103ng cai World Expo 2030 v\u00e0o th\u00e1ng 11\/2023.<\/p>\n<p style=\"text-align: justify;\">\u0110\u1ec3 bi\u1ebft th\u00eam th\u00f4ng tin chi ti\u1ebft, vui l\u00f2ng truy c\u1eadp website <a href=\"http:\/\/www.expo2030roma.org\">www.expo2030roma.org<\/a><\/p>\n<p style=\"text-align: justify;\">ho\u1eb7c li\u00ean h\u1ec7 v\u1edbi \u0110\u1ea1i s\u1ee9 qu\u00e1n Italia t\u1ea1i Vi\u1ec7t Nam qua email <a href=\"mailto:culturale.hanoi@esteri.it\">culturale.hanoi@esteri.it<\/a><\/p>\n<p>\u00a0<\/p>\n","protected":false},"excerpt":{"rendered":"H\u00e0 n\u1ed9i, ng\u00e0y 11 th\u00e1ng 2 n\u0103m 2023 \u2013 Th\u1ee9 tr\u01b0\u1edfng B\u1ed9 Ngo\u1ea1i giao v\u00e0 H\u1ee3p t\u00e1c Qu\u1ed1c t\u1ebf Italia, b\u00e0 Maria Tripodi, d\u1eabn \u0111\u1ea7u \u0111o\u00e0n ph\u00e1i \u0111o\u00e0n qu\u1ea3ng b\u00e1 chi\u1ebfn d\u1ecbch th\u1ee7 \u0111\u00f4 Roma c\u1ee7a \u00dd \u1ee9ng c\u1eed \u0111\u0103ng cai t\u1ed5 ch\u1ee9c World Expo 2030, \u0111\u00e3 c\u00f3 chuy\u1ebfn th\u0103m v\u00e0 l\u00e0m vi\u1ec7c t\u1ea1i Vi\u1ec7t [&hellip;]","protected":false},"author":1,"featured_media":0,"comment_status":"","ping_status":"","sticky":false,"template":"","format":"standard","meta":{"footnotes":""},"tags":[],"class_list":["post-1446","post","type-post","status-publish","format-standard","hentry"],"_links":{"self":[{"href":"https:\/\/ambhanoi.esteri.it\/vi\/wp-json\/wp\/v2\/posts\/1446","targetHints":{"allow":["GET"]}}],"collection":[{"href":"https:\/\/ambhanoi.esteri.it\/vi\/wp-json\/wp\/v2\/posts"}],"about":[{"href":"https:\/\/ambhanoi.esteri.it\/vi\/wp-json\/wp\/v2\/types\/post"}],"author":[{"embeddable":true,"href":"https:\/\/ambhanoi.esteri.it\/vi\/wp-json\/wp\/v2\/users\/1"}],"replies":[{"embeddable":true,"href":"https:\/\/ambhanoi.esteri.it\/vi\/wp-json\/wp\/v2\/comments?post=1446"}],"version-history":[{"count":0,"href":"https:\/\/ambhanoi.esteri.it\/vi\/wp-json\/wp\/v2\/posts\/1446\/revisions"}],"wp:attachment":[{"href":"https:\/\/ambhanoi.esteri.it\/vi\/wp-json\/wp\/v2\/media?parent=1446"}],"wp:term":[{"taxonomy":"post_tag","embeddable":true,"href":"https:\/\/ambhanoi.esteri.it\/vi\/wp-json\/wp\/v2\/tags?post=1446"}],"curies":[{"name":"wp","href":"https:\/\/api.w.org\/{rel}","templated":true}]}}