{"id":1426,"date":"2023-03-06T04:06:05","date_gmt":"2023-03-05T21:06:05","guid":{"rendered":"https:\/\/ambhanoi.esteri.it\/news\/dall_ambasciata\/2023\/03\/italian-design-day-2023-in-vietnam-2\/"},"modified":"2023-03-06T04:06:05","modified_gmt":"2023-03-05T21:06:05","slug":"italian-design-day-2023-in-vietnam-2","status":"publish","type":"post","link":"https:\/\/ambhanoi.esteri.it\/vi\/news\/dall_ambasciata\/2023\/03\/italian-design-day-2023-in-vietnam-2\/","title":{"rendered":"NG\u00c0Y THI\u1ebeT K\u1ebe ITALIA 2023 T\u1ea0I VI\u00caT NAM"},"content":{"rendered":"<p style=\"text-align: justify;\">\u0110\u1ea1i s\u1ee9 qu\u00e1n Italia t\u1ea1i H\u00e0 N\u1ed9i h\u00e2n h\u1ea1nh gi\u1edbi thi\u1ec7u <strong>Ng\u00e0y Thi\u1ebft k\u1ebf Italia l\u1ea7n th\u1ee9 7 t\u1ea1i Vi\u1ec7t Nam<\/strong> (IDD). IDD \u0111\u01b0\u1ee3c B\u1ed9 Ngo\u1ea1i giao v\u00e0 H\u1ee3p t\u00e1c Qu\u1ed1c t\u1ebf Italia kh\u1edfi x\u01b0\u1edbng t\u1eeb n\u0103m 2017 v\u00e0 \u0111\u01b0\u1ee3c t\u1ed5 ch\u1ee9c t\u1ea1i h\u01a1n 100 th\u00e0nh ph\u1ed1 tr\u00ean kh\u1eafp th\u1ebf gi\u1edbi. M\u1ee5c \u0111\u00edch ch\u00ednh c\u1ee7a s\u1ef1 ki\u1ec7n l\u00e0 qu\u1ea3ng b\u00e1 l\u1ecbch s\u1eed v\u00e0 t\u00ednh hi\u1ec7n \u0111\u1ea1i c\u1ee7a thi\u1ebft k\u1ebf v\u00e0 ki\u1ebfn \u200b\u200btr\u00fac \u00dd, chia s\u1ebb kinh nghi\u1ec7m v\u1edbi c\u00e1c \u0111\u1ed1i t\u00e1c tr\u00ean to\u00e0n th\u1ebf gi\u1edbi v\u00e0 khuy\u1ebfn kh\u00edch trao \u0111\u1ed5i c\u00e1c th\u1ef1c ti\u1ec5n \u0111\u1ed5i m\u1edbi s\u00e1ng t\u1ea1o.<\/p>\n<p style=\"text-align: justify;\">Ch\u1ee7 \u0111\u1ec1 c\u1ee7a phi\u00ean b\u1ea3n n\u0103m nay l\u00e0 <strong><em>\u201cCh\u1ea5t l\u01b0\u1ee3ng t\u1ecfa s\u00e1ng. N\u0103ng l\u01b0\u1ee3ng m\u00e0 thi\u1ebft k\u1ebf d\u00e0nh cho con ng\u01b0\u1eddi v\u00e0 m\u00f4i tr\u01b0\u1eddng<\/em><\/strong>\u201d. Kh\u00e1i ni\u1ec7m n\u00e0y nh\u1ea5n m\u1ea1nh vi\u1ec7c \u00e1nh s\u00e1ng nh\u00e2n t\u1ea1o l\u00e0 m\u1ed9t c\u00f4ng c\u1ee5 cho s\u1ef1 ph\u00e1t tri\u1ec3n xanh v\u00e0 hi\u1ec7n \u0111\u1ea1i c\u1ee7a c\u00e1c \u0111\u00f4 th\u1ecb, t\u1eeb \u0111\u00f3 g\u00f3p ph\u1ea7n \u0111\u1ea1t \u0111\u01b0\u1ee3c s\u1ef1 h\u00f2a nh\u1eadp x\u00e3 h\u1ed9i v\u00e0 t\u00ednh b\u1ec1n v\u1eefng.<\/p>\n<p style=\"text-align: justify;\"><span style=\"text-decoration: underline;\">Th\u00f4ng \u0111i\u1ec7p \u0111\u1eb1ng sau Ng\u00e0y Thi\u1ebft k\u1ebf l\u1ea7n th\u1ee9 7 c\u0169ng nh\u1ea5t qu\u00e1n v\u1edbi ch\u1ee7 \u0111\u1ec1 \u1ee9ng c\u1eed c\u1ee7a Th\u00e0nh ph\u1ed1 Rome \u0111\u1ec3 \u0111\u0103ng cai t\u1ed5 ch\u1ee9c Tri\u1ec3n l\u00e3m Th\u1ebf gi\u1edbi 2030 &#8211; World Expo 2030<\/span>, v\u1edbi ti\u00eau \u0111\u1ec1: \u201cCon ng\u01b0\u1eddi v\u00e0 l\u00e3nh th\u1ed5: t\u00e1i t\u1ea1o, h\u00f2a nh\u1eadp v\u00e0 \u0111\u1ed5i m\u1edbi s\u00e1ng t\u1ea1o\u201d. \u0110\u1ec3 bi\u1ebft th\u00eam th\u00f4ng tin th\u00eam xin vui l\u00f2ng truy c\u1eadp: <a href=\"http:\/\/www.romeexpo2030.com\">www.romeexpo2030.com<\/a><\/p>\n<p style=\"text-align: justify;\">IDD 2023 c\u0169ng l\u00e0 b\u1ec7 ph\u00f3ng cho h\u1ed9i ch\u1ee3 &#8220;<strong>Il Salone del Mobile di Milano<\/strong>&#8221; (Milan, 18-23 th\u00e1ng 4 n\u0103m 2023). \u0110\u01b0\u1ee3c th\u00e0nh l\u1eadp v\u00e0o n\u0103m 1961, \u201cSalone\u201d l\u00e0 h\u1ed9i ch\u1ee3 th\u01b0\u01a1ng m\u1ea1i l\u1edbn nh\u1ea5t trong l\u0129nh v\u1ef1c n\u00e0y tr\u00ean th\u1ebf gi\u1edbi, n\u01a1i tr\u01b0ng b\u00e0y nh\u1eefng c\u00f4ng ngh\u1ec7 c\u1ea3i ti\u1ebfn m\u1edbi nh\u1ea5t v\u1ec1 thi\u1ebft k\u1ebf v\u00e0 \u0111\u1ed3 n\u1ed9i th\u1ea5t t\u1eeb nhi\u1ec1u qu\u1ed1c gia. Ch\u1ee7 \u0111\u1ec1 n\u0103m nay c\u1ee7a h\u1ed9i ch\u1ee3 \u201cSalone\u201d c\u0169ng l\u00e0 \u201c<strong>Euroluce 2023<\/strong>\u201d- h\u1ed9i ch\u1ee3 h\u00e0ng \u0111\u1ea7u d\u00e0nh ri\u00eang cho c\u00e1c gi\u1ea3i ph\u00e1p s\u00e1ng t\u1ea1o trong l\u0129nh v\u1ef1c chi\u1ebfu s\u00e1ng trong nh\u00e0 v\u00e0 ngo\u00e0i tr\u1eddi. \u0110\u1ec3 bi\u1ebft th\u00eam th\u00f4ng tin th\u00eam xin vui l\u00f2ng truy c\u1eadp: <a href=\"http:\/\/www.salonemilano.it\/en\/exhibitions\/euroluce\">www.salonemilano.it\/en\/exhibitions\/euroluce<\/a><\/p>\n<p style=\"text-align: justify;\">T\u1ea1i H\u00e0 N\u1ed9i, IDD 2023 s\u1ebd bao g\u1ed3m hai s\u1ef1 ki\u1ec7n \u200b\u200bsau \u0111\u00e2y trong khu\u00f4n kh\u1ed5 <strong>L\u1ec5 k\u1ef7 ni\u1ec7m 50 n\u0103m thi\u1ebft l\u1eadp quan h\u1ec7 ngo\u1ea1i giao gi\u1eefa Vi\u1ec7t Nam v\u00e0 Italia<\/strong>.<\/p>\n<p style=\"text-align: justify;\">&#8211; Tri\u1ec3n l\u00e3m \u201c<span style=\"text-decoration: underline;\"><strong><em>M\u1ecdi th\u1ee9 \u0111\u1ec1u \u0111\u01b0\u1ee3c chi\u1ebfu s\u00e1ng. G\u00f3c nh\u00ecn \u0111\u1ecba l\u00fd t\u1eeb l\u1ecbch s\u1eed \u0111\u1ebfn \u0111\u01b0\u01a1ng th\u1eddi<\/em><\/strong><\/span>.\u201d \u0110\u01b0\u1ee3c t\u1ed5 ch\u1ee9c v\u1edbi s\u1ef1 c\u1ed9ng t\u00e1c c\u1ee7a Dino Zoli Foundation thu\u1ed9c T\u1eadp \u0111o\u00e0n DZ Engineering Group, Tri\u1ec3n l\u00e3m tr\u01b0ng b\u00e0y 20 t\u1ea5m pa n\u00f4 gi\u1edbi thi\u1ec7u c\u00e1c di t\u00edch l\u1ecbch s\u1eed v\u00e0 \u0111\u00f4 th\u1ecb \u0111\u01b0\u01a1ng \u0111\u1ea1i m\u00e0 AZ \u0111\u00e3 l\u1eafp \u0111\u1eb7t h\u1ec7 th\u1ed1ng chi\u1ebfu s\u00e1ng c\u1ea3i ti\u1ebfn.<\/p>\n<p>M\u1ecdi th\u1ee9 \u0111\u1ec1u \u0111\u01b0\u1ee3c chi\u1ebfu s\u00e1ng s\u1ebd \u0111\u01b0\u1ee3c khai m\u1ea1c v\u00e0o l\u00fac <strong>15 gi\u1edd ng\u00e0y 8\/3\/2023 t\u1ea1i Casa Italia<\/strong> (18 L\u00ea Ph\u1ee5ng Hi\u1ec3u, Ho\u00e0n Ki\u1ebfm). Tri\u1ec3n l\u00e3m m\u1edf c\u1eeda cho kh\u00e1ch tham quan t\u1ea1i Casa Italia t\u1eeb ng\u00e0y 8 \u0111\u1ebfn ng\u00e0y 15 th\u00e1ng 3 n\u0103m 2023 t\u1eeb 10 gi\u1edd s\u00e1ng \u0111\u1ebfn 6 gi\u1edd chi\u1ec1u.<\/p>\n<p>&#8211; <strong>H\u1ed9i th\u1ea3o v\u1ec1 gi\u1ea3i ph\u00e1p thi\u1ebft k\u1ebf chi\u1ebfu s\u00e1ng di s\u1ea3n \u0111\u00f4 th\u1ecb. H\u1ed9i th\u1ea3o s\u1ebd di\u1ec5n ra v\u00e0o l\u00fac 09:30 s\u00e1ng ng\u00e0y 09\/03\/2023<\/strong> t\u1ea1i Tr\u01b0\u1eddng \u0110\u1ea1i h\u1ecdc X\u00e2y d\u1ef1ng H\u00e0 N\u1ed9i (HUCE \u2013 55 Gi\u1ea3i Ph\u00f3ng).<\/p>\n<p>\u0110\u1ea1i s\u1ee9 Thi\u1ebft k\u1ebf Italia t\u1ea1i Vi\u1ec7t Nam n\u0103m 2023, <strong>\u00f4ng Roberto Grilli, T\u1ed5ng Gi\u00e1m \u0111\u1ed1c DZ Engineering<\/strong>, s\u1ebd c\u00f3 b\u00e0i ph\u00e1t bi\u1ec3u ch\u00ednh. S\u1ef1 ki\u1ec7n c\u00f3 s\u1ef1 tham gia c\u1ee7a PGS.TS Ph\u1ea1m Duy H\u00f2a, Hi\u1ec7u tr\u01b0\u1edfng HUCE, \u00d4ng Antonio Alessandro, \u0110\u1ea1i s\u1ee9 Italia t\u1ea1i Vi\u1ec7t Nam v\u00e0 \u00f4ng Christian Manhart, Tr\u01b0\u1edfng \u0111\u1ea1i di\u1ec7n UNESCO t\u1ea1i Vi\u1ec7t Nam. Th\u00f4ng tin chi ti\u1ebft trong ch\u01b0\u01a1ng tr\u00ecnh \u0111\u00ednh k\u00e8m.<\/p>\n<p style=\"text-align: center;\">* * * *<\/p>\n<p>\u0110\u1ec3 bi\u1ebf th\u00eam th\u00f4ng tin, vui l\u00f2ng li\u00ean h\u1ec7 Ms. Nguyen Quynh Lien: <a href=\"mailto:culturale.hanoi@esteri.it\">culturale.hanoi@esteri.it<\/a> \/ Tel. +84 24 38256256<\/p>\n<p style=\"text-align: center;\">* * * *<\/p>\n<p style=\"text-align: justify;\">H\u00e3y xem trang <strong>web IDD 2023<\/strong> (<a href=\"https:\/\/italiandesignday-official.it\/\">https:\/\/italiandesignday-official.it\/<\/a>) v\u00e0 <strong>Danh m\u1ee5c<\/strong>: <a href=\"https:\/\/italiandesignday-official.it\/wp-content\/uploads\/2023\/03\/Catalogo_IDD2023_compressed-9.pdf\">https:\/\/italiandesignday-official.it\/wp-content\/uploads\/2023\/03\/Catalogo_IDD2023_compressed-9.pdf<\/a><\/p>\n<p style=\"text-align: justify;\">\u00a0<\/p>\n","protected":false},"excerpt":{"rendered":"\u0110\u1ea1i s\u1ee9 qu\u00e1n Italia t\u1ea1i H\u00e0 N\u1ed9i h\u00e2n h\u1ea1nh gi\u1edbi thi\u1ec7u Ng\u00e0y Thi\u1ebft k\u1ebf Italia l\u1ea7n th\u1ee9 7 t\u1ea1i Vi\u1ec7t Nam (IDD). IDD \u0111\u01b0\u1ee3c B\u1ed9 Ngo\u1ea1i giao v\u00e0 H\u1ee3p t\u00e1c Qu\u1ed1c t\u1ebf Italia kh\u1edfi x\u01b0\u1edbng t\u1eeb n\u0103m 2017 v\u00e0 \u0111\u01b0\u1ee3c t\u1ed5 ch\u1ee9c t\u1ea1i h\u01a1n 100 th\u00e0nh ph\u1ed1 tr\u00ean kh\u1eafp th\u1ebf gi\u1edbi. M\u1ee5c \u0111\u00edch ch\u00ednh c\u1ee7a [&hellip;]","protected":false},"author":1,"featured_media":0,"comment_status":"closed","ping_status":"closed","sticky":false,"template":"","format":"standard","meta":{"footnotes":""},"tags":[],"class_list":["post-1426","post","type-post","status-publish","format-standard","hentry"],"_links":{"self":[{"href":"https:\/\/ambhanoi.esteri.it\/vi\/wp-json\/wp\/v2\/posts\/1426","targetHints":{"allow":["GET"]}}],"collection":[{"href":"https:\/\/ambhanoi.esteri.it\/vi\/wp-json\/wp\/v2\/posts"}],"about":[{"href":"https:\/\/ambhanoi.esteri.it\/vi\/wp-json\/wp\/v2\/types\/post"}],"author":[{"embeddable":true,"href":"https:\/\/ambhanoi.esteri.it\/vi\/wp-json\/wp\/v2\/users\/1"}],"replies":[{"embeddable":true,"href":"https:\/\/ambhanoi.esteri.it\/vi\/wp-json\/wp\/v2\/comments?post=1426"}],"version-history":[{"count":0,"href":"https:\/\/ambhanoi.esteri.it\/vi\/wp-json\/wp\/v2\/posts\/1426\/revisions"}],"wp:attachment":[{"href":"https:\/\/ambhanoi.esteri.it\/vi\/wp-json\/wp\/v2\/media?parent=1426"}],"wp:term":[{"taxonomy":"post_tag","embeddable":true,"href":"https:\/\/ambhanoi.esteri.it\/vi\/wp-json\/wp\/v2\/tags?post=1426"}],"curies":[{"name":"wp","href":"https:\/\/api.w.org\/{rel}","templated":true}]}}