{"id":1304,"date":"2023-10-06T13:41:01","date_gmt":"2023-10-06T06:41:01","guid":{"rendered":"https:\/\/ambhanoi.esteri.it\/news\/dall_ambasciata\/2023\/10\/missione-istituzionale-in-vietnam-2\/"},"modified":"2023-10-06T13:41:01","modified_gmt":"2023-10-06T06:41:01","slug":"missione-istituzionale-in-vietnam-2","status":"publish","type":"post","link":"https:\/\/ambhanoi.esteri.it\/vi\/news\/dall_ambasciata\/2023\/10\/missione-istituzionale-in-vietnam-2\/","title":{"rendered":"\u0110o\u00e0n c\u00f4ng t\u00e1c t\u1ea1i Vi\u1ec7t Nam c\u1ee7a ph\u00e1i \u0111o\u00e0n V\u00f9ng Lombardy do ch\u1ee7 t\u1ecbch Attilio Fontana d\u1eabn \u0111\u1ea7u"},"content":{"rendered":"<p>Ph\u00e1i \u0111o\u00e0n V\u00f9ng Lombardy do Ch\u1ee7 t\u1ecbch Attilio Fontana d\u1eabn \u0111\u1ea7u v\u1eeba k\u1ebft th\u00fac chuy\u1ebfn th\u0103m H\u00e0 N\u1ed9i, trong khu\u00f4n kh\u1ed5 chuy\u1ebfn c\u00f4ng t\u00e1c t\u1edbi Vi\u1ec7t Nam. Ph\u00e1i \u0111o\u00e0n, bao g\u1ed3m Qu\u1ed1c v\u1ee5 khanh ph\u1ee5 tr\u00e1ch Quan h\u1ec7 Qu\u1ed1c t\u1ebf v\u00e0 Ch\u00e2u u c\u1ee7a V\u00f9ng, Raffaele Cattaneo, T\u1ed5ng th\u01b0 k\u00fd c\u1ee7a Confindustria Lombardia, Dario Voltattorni, c\u0169ng nh\u01b0 c\u00e1c \u0111\u1ea1i di\u1ec7n c\u1ee7a kh\u1ed1i h\u1ecdc thu\u1eadt v\u00f9ng Lombardy v\u00e0 T\u1eadp \u0111o\u00e0n UCIMU, ph\u00e1i \u0111o\u00e0n \u0111\u00e3 tham gia v\u00e0o c\u00e1c cu\u1ed9c h\u1ecdp c\u1ea5p cao nh\u1eb1m c\u1ee7ng c\u1ed1 h\u01a1n n\u1eefa m\u1ed1i quan h\u1ec7 v\u1ed1n \u0111\u00e3 t\u1ed1t \u0111\u1eb9p gi\u1eefa Lombardy v\u00e0 Vi\u1ec7t Nam.<\/p>\n<p>H\u00f4m qua \u0111o\u00e0n \u0111\u00e3 c\u00f3 cu\u1ed9c g\u1eb7p g\u1ee1 v\u1edbi Th\u1ee9 tr\u01b0\u1edfng B\u1ed9 Ngo\u1ea1i giao Vi\u1ec7t Nam \u0110\u1ed7 H\u00f9ng Vi\u1ec7t v\u00e0 Ch\u1ee7 t\u1ecbch \u1ee6y ban Nh\u00e2n d\u00e2n H\u00e0 N\u1ed9i Tr\u1ea7n S\u1ef9 Thanh. T\u1ea1i cu\u1ed9c g\u1eb7p g\u1ee1, ph\u00e1i \u0111o\u00e0n \u0111\u00e3 x\u00e1c \u0111\u1ecbnh \u0111\u01b0\u1ee3c s\u1ee9c m\u1ea1nh t\u1ed5ng h\u1ee3p m\u1edbi v\u00e0 c\u01a1 h\u1ed9i h\u1ee3p t\u00e1c h\u01a1n n\u1eefa gi\u1eefa Vi\u1ec7t Nam v\u00e0 v\u00f9ng. M\u1ed9t b\u00ean l\u00e0 H\u00e0 N\u1ed9i v\u00e0 m\u1ed9t b\u00ean l\u00e0 Lombardy. V\u00ec Lombardy l\u00e0 khu v\u1ef1c xu\u1ea5t kh\u1ea9u ch\u00ednh c\u1ee7a Italia, n\u00ean l\u1ea7n \u0111\u1ea7u ti\u00ean ph\u00e1i \u0111o\u00e0n th\u1ea3o lu\u1eadn v\u1ec1 c\u00e1ch t\u0103ng c\u01b0\u1eddng th\u01b0\u01a1ng m\u1ea1i v\u00e0 qu\u1ea3ng b\u00e1 Made in Italy, m\u00e0 kh\u00f4ng b\u1ecf qua kh\u1ea3 n\u0103ng h\u1ee3p t\u00e1c trong c\u00e1c l\u0129nh v\u1ef1c v\u0103n h\u00f3a, \u0111\u1ea1i h\u1ecdc, du l\u1ecbch v\u00e0 ph\u00e1t tri\u1ec3n \u0111\u00f4 th\u1ecb.<\/p>\n<p>Cu\u1ed1i ng\u00e0y, Ch\u1ee7 t\u1ecbch Fontana v\u00e0 c\u00e1c \u0111\u1ea1i bi\u1ec3u V\u00f9ng Lombardy \u0111\u00e3 g\u1eb7p g\u1ee1 c\u1ed9ng \u0111\u1ed3ng Lombard \u2013 kh\u1ed1i doanh nh\u00e2n v\u00e0 phi doanh nh\u00e2n \u2013 \u0111ang sinh s\u1ed1ng v\u00e0 l\u00e0m vi\u1ec7c t\u1ea1i H\u00e0 N\u1ed9i, t\u1ea1i Dinh th\u1ef1 c\u1ee7a \u0110\u1ea1i s\u1ee9 Italia.<\/p>\n<p>H\u00f4m nay, \u0111o\u00e0n l\u1ea7n \u0111\u1ea7u ti\u00ean \u0111\u1ebfn th\u0103m c\u00e1c nh\u00e0 m\u00e1y s\u1ea3n xu\u1ea5t v\u00e0 g\u1eb7p g\u1ee1 c\u00e1c nh\u00e2n vi\u00ean c\u1ee7a C\u00f4ng ty TNHH D\u1ec7t kim H\u01b0ng Y\u00ean v\u1edbi kho\u1ea3n \u0111\u1ea7u t\u01b0 l\u1ecbch s\u1eed c\u1ee7a Italia v\u00e0o Vi\u1ec7t Nam thu\u1ed9c T\u1eadp \u0111o\u00e0n Lombard Carvico.<\/p>\n<p>Cu\u1ed9c g\u1eb7p g\u1ea7n \u0111\u00e2y nh\u1ea5t t\u1ea1i H\u00e0 N\u1ed9i l\u00e0 cu\u1ed9c g\u1eb7p g\u1ee1 v\u1edbi Th\u1ee7 t\u01b0\u1edbng Vi\u1ec7t Nam Ph\u1ea1m Minh Ch\u00ednh, trong \u0111\u00f3 hai b\u00ean t\u00e1i kh\u1eb3ng \u0111\u1ecbnh, trong n\u0103m k\u1ef7 ni\u1ec7m 50 n\u0103m quan h\u1ec7 ngo\u1ea1i giao Italia v\u00e0 Vi\u1ec7t Nam, hai b\u00ean mong mu\u1ed1n n\u1eafm b\u1eaft m\u1ecdi c\u01a1 h\u1ed9i h\u1ee3p t\u00e1c v\u00e0 ph\u00e1t tri\u1ec3n h\u01a1n n\u1eefa, th\u00fac \u0111\u1ea9y giao l\u01b0u kinh t\u1ebf, v\u0103n h\u00f3a gi\u1eefa hai n\u01b0\u1edbc.<\/p>\n<p>Ph\u00e1i \u0111o\u00e0n c\u1ee7a t\u1ed5 ch\u1ee9c hi\u1ec7n s\u1ebd ti\u1ebfp t\u1ee5c t\u1ea1i Th\u00e0nh ph\u1ed1 H\u1ed3 Ch\u00ed Minh, n\u01a1i ph\u00e1i \u0111o\u00e0n s\u1ebd c\u00f3 bu\u1ed5i l\u00e0m vi\u1ec7c v\u1edbi \u1ee6y ban nh\u00e2n d\u00e2n t\u1ec9nh B\u00ecnh D\u01b0\u01a1ng v\u00e0 th\u0103m tr\u01b0\u1eddng \u0110\u1ea1i h\u1ecdc Qu\u1ed1c t\u1ebf Mi\u1ec1n \u0110\u00f4ng. Nh\u00e2n d\u1ecbp d\u1eebng ch\u00e2n t\u1ea1i TP.HCM, Bi\u00ean b\u1ea3n ghi nh\u1edb gi\u1eefa Tr\u01b0\u1eddng \u0110\u1ea1i h\u1ecdc Insubria v\u00e0 Tr\u01b0\u1eddng \u0110\u1ea1i h\u1ecdc Kinh t\u1ebf T\u00e0i ch\u00ednh c\u0169ng s\u1ebd \u0111\u01b0\u1ee3c k\u00fd k\u1ebft.<\/p>\n<p>\u00a0<\/p>\n<p><a href=\"https:\/\/vietnamnews.vn\/opinion\/1594898\/lots-of-possibilities-to-promote-trade-between-viet-nam-and-lombardy-region-official.html\">Tr\u1ea3 l\u1eddi ph\u1ecfng v\u1ea5n c\u1ee7a Ch\u1ee7 t\u1ecbch Fontana v\u1edbi Viet Nam News<\/a><\/p>\n","protected":false},"excerpt":{"rendered":"Ph\u00e1i \u0111o\u00e0n V\u00f9ng Lombardy do Ch\u1ee7 t\u1ecbch Attilio Fontana d\u1eabn \u0111\u1ea7u v\u1eeba k\u1ebft th\u00fac chuy\u1ebfn th\u0103m H\u00e0 N\u1ed9i, trong khu\u00f4n kh\u1ed5 chuy\u1ebfn c\u00f4ng t\u00e1c t\u1edbi Vi\u1ec7t Nam. Ph\u00e1i \u0111o\u00e0n, bao g\u1ed3m Qu\u1ed1c v\u1ee5 khanh ph\u1ee5 tr\u00e1ch Quan h\u1ec7 Qu\u1ed1c t\u1ebf v\u00e0 Ch\u00e2u u c\u1ee7a V\u00f9ng, Raffaele Cattaneo, T\u1ed5ng th\u01b0 k\u00fd c\u1ee7a Confindustria Lombardia, Dario Voltattorni, [&hellip;]","protected":false},"author":1,"featured_media":0,"comment_status":"closed","ping_status":"closed","sticky":false,"template":"","format":"standard","meta":{"footnotes":""},"tags":[],"class_list":["post-1304","post","type-post","status-publish","format-standard","hentry"],"_links":{"self":[{"href":"https:\/\/ambhanoi.esteri.it\/vi\/wp-json\/wp\/v2\/posts\/1304","targetHints":{"allow":["GET"]}}],"collection":[{"href":"https:\/\/ambhanoi.esteri.it\/vi\/wp-json\/wp\/v2\/posts"}],"about":[{"href":"https:\/\/ambhanoi.esteri.it\/vi\/wp-json\/wp\/v2\/types\/post"}],"author":[{"embeddable":true,"href":"https:\/\/ambhanoi.esteri.it\/vi\/wp-json\/wp\/v2\/users\/1"}],"replies":[{"embeddable":true,"href":"https:\/\/ambhanoi.esteri.it\/vi\/wp-json\/wp\/v2\/comments?post=1304"}],"version-history":[{"count":0,"href":"https:\/\/ambhanoi.esteri.it\/vi\/wp-json\/wp\/v2\/posts\/1304\/revisions"}],"wp:attachment":[{"href":"https:\/\/ambhanoi.esteri.it\/vi\/wp-json\/wp\/v2\/media?parent=1304"}],"wp:term":[{"taxonomy":"post_tag","embeddable":true,"href":"https:\/\/ambhanoi.esteri.it\/vi\/wp-json\/wp\/v2\/tags?post=1304"}],"curies":[{"name":"wp","href":"https:\/\/api.w.org\/{rel}","templated":true}]}}