{"id":9479,"date":"2026-03-13T12:46:24","date_gmt":"2026-03-13T05:46:24","guid":{"rendered":"https:\/\/ambhanoi.esteri.it\/?p=9479"},"modified":"2026-03-13T12:46:24","modified_gmt":"2026-03-13T05:46:24","slug":"x-giornata-del-design-italiano-in-vietnam","status":"publish","type":"post","link":"https:\/\/ambhanoi.esteri.it\/it\/news\/dall_ambasciata\/2026\/03\/x-giornata-del-design-italiano-in-vietnam\/","title":{"rendered":"X Giornata del Design Italiano in Vietnam"},"content":{"rendered":"<p>L\u2019Ambasciata d\u2019Italia ad Hanoi \u00e8 lieta di presentare la decima edizione della <strong>Giornata del Design Italiano<\/strong> in Vietnam (GDI). Lanciata nel 2017 dal Ministero degli Affari Esteri e della Cooperazione Internazionale, la GDI \u00e8 un\u2019iniziativa annuale concepita per promuovere la storia e la modernit\u00e0 del design e dell\u2019architettura italiani nel mondo, nonch\u00e9 per favorire lo scambio di esperienze e pratiche innovative. Dalla sua prima edizione sono <strong>oltre mille<\/strong> gli eventi organizzati nell\u2019ambito dell\u2019iniziativa dalla rete delle Ambasciate, dei Consolati e degli Uffici ICE all\u2019estero, con il coinvolgimento di centinaia di designer, architetti, imprenditori, giornalisti e professionisti del settore.<\/p>\n<p>Il tema dell\u2019edizione 2026 \u00e8 <strong><em><u>\u201cREDESIGN. <\/u><\/em><\/strong><strong><em><u>Regenerating Spaces, Objects, Ideas, and Relationships\u201d<\/u><\/em><\/strong>. Il titolo pone l\u2019accento sul concetto di rigenerazione come chiave interpretativa del design contemporaneo, evidenziando il ruolo dell\u2019architettura nel rinnovamento di spazi, oggetti e relazioni alla luce delle trasformazioni sociali, culturali e ambientali del nostro tempo.<\/p>\n<p>La GDI rappresenta inoltre una piattaforma di valorizzazione delle principali manifestazioni dedicate al design italiano, tra cui il \u201c<strong>Salone del Mobile di Milano<\/strong>\u201d (Milano, 21-26 aprile 2026). Fondato nel 1961, quest\u2019ultimo rappresenta il principale appuntamento internazionale nel settore dell\u2019arredamento e dell\u2019industria del design.<\/p>\n<p>Ad Hanoi, la decima edizione della Giornata del Design Italiano si \u00e8 svolta il <u>12 marzo 2026 presso la Hanoi University of Civil Engineering (HUCE)<\/u>, storico partner dell\u2019Ambasciata per l\u2019organizzazione dell\u2019iniziativa. L\u2019evento si \u00e8 articolato in una <strong>tavola rotonda<\/strong> che ha visto la partecipazione dell\u2019<strong>Arch. Tiziano Vudafieri<\/strong>, Ambasciatore del Design Italiano in Vietnam per l\u2019edizione 2026, del <strong>Prof. Nguy\u1ec5n Cao L\u00e3nh<\/strong>, Dean della Faculty of Architecture and Planning della HUCE, e degli architetti <strong>Ho\u00e0ng Th\u00fac H\u00e0o<\/strong> e <strong>Trung Mai<\/strong>, con la moderazione della Direttrice editoriale di ELLE Decoration Vietnam, <strong>Nguy\u1ec5n Phan Th\u00f9y D\u01b0\u01a1ng<\/strong>.<\/p>\n<p>L\u2019iniziativa si inserisce nel quadro delle attivit\u00e0 di diplomazia culturale e promozione economica dell\u2019Ambasciata d\u2019Italia in Vietnam, con l\u2019obiettivo di rafforzare la cooperazione tra i due Paesi nei settori del design, dell\u2019architettura e delle industrie creative.<\/p>\n<p><strong>* * *<\/strong><\/p>\n<p><strong>Per maggiori informazioni, si allegano il <a href=\"https:\/\/ambhanoi.esteri.it\/wp-content\/uploads\/2026\/03\/IDD2026-press-release-eng.pdf\"><u>press release<\/u><\/a> dell\u2019evento e le <a href=\"https:\/\/ambhanoi.esteri.it\/wp-content\/uploads\/2026\/03\/IDD-2026-Press-Kit-photo-and-bio.pdf\"><u>biografie degli ospiti<\/u><\/a>.<\/strong><\/p>\n","protected":false},"excerpt":{"rendered":"L\u2019Ambasciata d\u2019Italia ad Hanoi \u00e8 lieta di presentare la decima edizione della Giornata del Design Italiano in Vietnam (GDI). Lanciata nel 2017 dal Ministero degli Affari Esteri e della Cooperazione Internazionale, la GDI \u00e8 un\u2019iniziativa annuale concepita per promuovere la storia e la modernit\u00e0 del design e dell\u2019architettura italiani nel mondo, nonch\u00e9 per favorire lo [&hellip;]","protected":false},"author":19,"featured_media":9481,"comment_status":"closed","ping_status":"closed","sticky":false,"template":"","format":"standard","meta":{"footnotes":""},"tags":[7],"class_list":["post-9479","post","type-post","status-publish","format-standard","has-post-thumbnail","hentry","tag-diplomazia-culturale"],"_links":{"self":[{"href":"https:\/\/ambhanoi.esteri.it\/it\/wp-json\/wp\/v2\/posts\/9479","targetHints":{"allow":["GET"]}}],"collection":[{"href":"https:\/\/ambhanoi.esteri.it\/it\/wp-json\/wp\/v2\/posts"}],"about":[{"href":"https:\/\/ambhanoi.esteri.it\/it\/wp-json\/wp\/v2\/types\/post"}],"author":[{"embeddable":true,"href":"https:\/\/ambhanoi.esteri.it\/it\/wp-json\/wp\/v2\/users\/19"}],"replies":[{"embeddable":true,"href":"https:\/\/ambhanoi.esteri.it\/it\/wp-json\/wp\/v2\/comments?post=9479"}],"version-history":[{"count":1,"href":"https:\/\/ambhanoi.esteri.it\/it\/wp-json\/wp\/v2\/posts\/9479\/revisions"}],"predecessor-version":[{"id":9488,"href":"https:\/\/ambhanoi.esteri.it\/it\/wp-json\/wp\/v2\/posts\/9479\/revisions\/9488"}],"wp:featuredmedia":[{"embeddable":true,"href":"https:\/\/ambhanoi.esteri.it\/it\/wp-json\/wp\/v2\/media\/9481"}],"wp:attachment":[{"href":"https:\/\/ambhanoi.esteri.it\/it\/wp-json\/wp\/v2\/media?parent=9479"}],"wp:term":[{"taxonomy":"post_tag","embeddable":true,"href":"https:\/\/ambhanoi.esteri.it\/it\/wp-json\/wp\/v2\/tags?post=9479"}],"curies":[{"name":"wp","href":"https:\/\/api.w.org\/{rel}","templated":true}]}}