{"id":9271,"date":"2026-01-28T11:22:52","date_gmt":"2026-01-28T04:22:52","guid":{"rendered":"https:\/\/ambhanoi.esteri.it\/?p=9271"},"modified":"2026-01-28T11:33:10","modified_gmt":"2026-01-28T04:33:10","slug":"giorno-della-memoria-27-gennaio-2026","status":"publish","type":"post","link":"https:\/\/ambhanoi.esteri.it\/it\/news\/dall_ambasciata\/2026\/01\/giorno-della-memoria-27-gennaio-2026\/","title":{"rendered":"Giorno della Memoria &#8211; 27 Gennaio 2026"},"content":{"rendered":"<p style=\"text-align: justify;\">In occasione del <strong>Giorno della Memoria<\/strong>, l\u2019Ambasciata d\u2019Italia ad Hanoi rende omaggio alle vittime della Shoah e di tutte le persecuzioni perpetrate dal regime nazista, ricordando milioni di uomini, donne e bambini innocenti che hanno perso la vita a causa dell\u2019odio, del razzismo e dell\u2019intolleranza.<\/p>\n<p style=\"text-align: justify;\">Il <strong>27 Gennaio<\/strong> rappresenta una data di profonda riflessione per la comunit\u00e0 internazionale. Si tratta di un dovere verso il passato, oltre che di una responsabilit\u00e0 morale rivolta sia alla quotidianit\u00e0 che al futuro. Ricordare significa infatti vigilare affinch\u00e9 simili tragedie non si ripetano, contrastando con fermezza l\u2019antisemitismo, il negazionismo e ogni forma di discriminazione etnica, religiosa o culturale.<\/p>\n<p style=\"text-align: justify;\">La Memoria \u00e8 uno strumento fondamentale per la difesa dei valori universali di libert\u00e0, rispetto e dignit\u00e0 umana, i quali costituiscono la base delle societ\u00e0 democratiche per come le conosciamo. Ricordare vuol dire educare, promuovere il dialogo e rafforzare la consapevolezza collettiva.<\/p>\n<p style=\"text-align: justify;\">L\u2019Italia, nel rispetto dei sopracitati valori, rinnova il proprio impegno nella promozione della Memoria come presidio contro l\u2019odio e l\u2019indifferenza, nella convinzione che solo attraverso la conoscenza e la responsabilit\u00e0 condivisa sia possibile costruire un futuro fondato sulla pace e sul rispetto reciproco. Il seguente <a href=\"https:\/\/www.youtube.com\/watch?v=IzcDHGA9d9E\"><strong>videomessaggio<\/strong><\/a> del Ministro degli Affari Esteri e della Cooperazione Internazionale Antonio Tajani ha sottolineato l\u2019importanza della difesa della memoria, ricordando l\u2019impegno delle istituzioni tutte in tal senso e ringraziando le Ambasciate, i Consolati e gli Istituti di Cultura nel mondo.<\/p>\n<p style=\"text-align: justify;\">Ricordare il <strong>27 Gennaio<\/strong> \u00e8 un atto di giustizia verso le vittime e un impegno comune per le generazioni presenti e future.<\/p>\n","protected":false},"excerpt":{"rendered":"In occasione del Giorno della Memoria, l\u2019Ambasciata d\u2019Italia ad Hanoi rende omaggio alle vittime della Shoah e di tutte le persecuzioni perpetrate dal regime nazista, ricordando milioni di uomini, donne e bambini innocenti che hanno perso la vita a causa dell\u2019odio, del razzismo e dell\u2019intolleranza. Il 27 Gennaio rappresenta una data di profonda riflessione per [&hellip;]","protected":false},"author":19,"featured_media":9154,"comment_status":"closed","ping_status":"closed","sticky":false,"template":"","format":"standard","meta":{"footnotes":""},"tags":[7,10],"class_list":["post-9271","post","type-post","status-publish","format-standard","has-post-thumbnail","hentry","tag-diplomazia-culturale","tag-diritti-umani"],"_links":{"self":[{"href":"https:\/\/ambhanoi.esteri.it\/it\/wp-json\/wp\/v2\/posts\/9271","targetHints":{"allow":["GET"]}}],"collection":[{"href":"https:\/\/ambhanoi.esteri.it\/it\/wp-json\/wp\/v2\/posts"}],"about":[{"href":"https:\/\/ambhanoi.esteri.it\/it\/wp-json\/wp\/v2\/types\/post"}],"author":[{"embeddable":true,"href":"https:\/\/ambhanoi.esteri.it\/it\/wp-json\/wp\/v2\/users\/19"}],"replies":[{"embeddable":true,"href":"https:\/\/ambhanoi.esteri.it\/it\/wp-json\/wp\/v2\/comments?post=9271"}],"version-history":[{"count":2,"href":"https:\/\/ambhanoi.esteri.it\/it\/wp-json\/wp\/v2\/posts\/9271\/revisions"}],"predecessor-version":[{"id":9274,"href":"https:\/\/ambhanoi.esteri.it\/it\/wp-json\/wp\/v2\/posts\/9271\/revisions\/9274"}],"wp:featuredmedia":[{"embeddable":true,"href":"https:\/\/ambhanoi.esteri.it\/it\/wp-json\/wp\/v2\/media\/9154"}],"wp:attachment":[{"href":"https:\/\/ambhanoi.esteri.it\/it\/wp-json\/wp\/v2\/media?parent=9271"}],"wp:term":[{"taxonomy":"post_tag","embeddable":true,"href":"https:\/\/ambhanoi.esteri.it\/it\/wp-json\/wp\/v2\/tags?post=9271"}],"curies":[{"name":"wp","href":"https:\/\/api.w.org\/{rel}","templated":true}]}}