{"id":8064,"date":"2025-07-01T16:24:18","date_gmt":"2025-07-01T09:24:18","guid":{"rendered":"https:\/\/ambhanoi.esteri.it\/?p=8064"},"modified":"2025-07-01T16:24:18","modified_gmt":"2025-07-01T09:24:18","slug":"evento-corti-e-sorsi-nellambito-delliniziativa-fare-cinema-casa-italia-giovedi-10-luglio-2025-ore-1830","status":"publish","type":"post","link":"https:\/\/ambhanoi.esteri.it\/it\/news\/dall_ambasciata\/2025\/07\/evento-corti-e-sorsi-nellambito-delliniziativa-fare-cinema-casa-italia-giovedi-10-luglio-2025-ore-1830\/","title":{"rendered":"Evento \u201cCorti e Sorsi\u201d nell\u2019ambito dell\u2019iniziativa \u201cFare Cinema\u201d (Casa Italia, gioved\u00ec 10 luglio 2025, ore 18:30)"},"content":{"rendered":"<p>L\u2019Ambasciata d\u2019Italia ad Hanoi \u00e8 lieta di annunciare che <strong>gioved\u00ec 10 luglio 2025 alle ore 18:30<\/strong> si terr\u00e0 presso <strong>Casa Italia (18 Le Phung Hieu, Hoan Kiem, Hanoi)<\/strong> l\u2019evento <strong>\u201cCorti e Sorsi\u201d<\/strong>. L\u2019iniziativa si inserisce nell\u2019ambito della rassegna <strong>\u201cFare Cinema\u201d<\/strong>, organizzata dal Ministero degli Affari Esteri e della Cooperazione Internazionale allo scopo di promuovere il cinema italiano all\u2019estero.<\/p>\n<p>Nel corso della serata, verranno proiettati tre dei cinque cortometraggi finalisti ai David di Donatello 2025 per la categoria \u201cMiglior Cortometraggio\u201d.<\/p>\n<p>In <strong>\u201cMajonez\u00eb\u201d<\/strong> di <strong>Giulia Grandinetti<\/strong>, la protagonista Elyria vive con la propria famiglia, sotto le rigide regole del padre, reprimendo la rabbia con l&#8217;obbedienza. La giovane donna si ritrover\u00e0 a compiere un potente atto di ribellione, derivante dal profondo desiderio di emancipazione.<\/p>\n<p>In <strong>\u201cDomenica Sera\u201d<\/strong>, titolo vincitore dell\u2019edizione 2025, <strong>Matteo Tortone<\/strong> racconta la storia di Alex e Nemy, che si incontrano casualmente in una notte qualunque nella cantina di un palazzo della periferia di Torino. I due ragazzi si ritrovano nelle loro solitudini e fragilit\u00e0, sfiorandosi in un contatto che viene per\u00f2 presto interrotto.<\/p>\n<p>In <strong>\u201cThe Eggregores\u2019 Theory\u201d<\/strong> di <strong>Andrea Gatopoulos, <\/strong>si narra di una societ\u00e0 distopica in cui, a causa di una malattia legata al linguaggio, alcune parole diventano letali per l\u2019umanit\u00e0. Nel racconto del protagonista riaffiorano i ricordi legati al caos e alla sua relazione sentimentale interrotta bruscamente.<\/p>\n<p>I cortometraggi saranno proiettati in lingua originale con sottotitoli in inglese\/italiano. Alla luce dei temi trattati e del linguaggio utilizzato, <u>la visione \u00e8 consigliata al solo pubblico adulto<\/u>.<\/p>\n<p>Al termine delle tre proiezioni, si terr\u00e0 un momento conviviale con la degustazione di cibi e vini italiani nell\u2019ambito dell\u2019iniziativa <strong>\u201cSentiero diVino\u201d<\/strong>, in collaborazione con <strong>Viet-It Wines<\/strong> e <strong>Caff\u00e8 Italia<\/strong>.<\/p>\n<p>Per motivi organizzativi, si richiede gentilmente di confermare la propria partecipazione all\u2019evento scrivendo a <a href=\"mailto:culturale.hanoi@esteri.it\">culturale.hanoi@esteri.it<\/a> <strong>entro luned\u00ec 7 luglio<\/strong>.<\/p>\n","protected":false},"excerpt":{"rendered":"L\u2019Ambasciata d\u2019Italia ad Hanoi \u00e8 lieta di annunciare che gioved\u00ec 10 luglio 2025 alle ore 18:30 si terr\u00e0 presso Casa Italia (18 Le Phung Hieu, Hoan Kiem, Hanoi) l\u2019evento \u201cCorti e Sorsi\u201d. L\u2019iniziativa si inserisce nell\u2019ambito della rassegna \u201cFare Cinema\u201d, organizzata dal Ministero degli Affari Esteri e della Cooperazione Internazionale allo scopo di promuovere il [&hellip;]","protected":false},"author":4,"featured_media":8066,"comment_status":"closed","ping_status":"closed","sticky":false,"template":"","format":"standard","meta":{"footnotes":""},"tags":[7],"class_list":["post-8064","post","type-post","status-publish","format-standard","has-post-thumbnail","hentry","tag-diplomazia-culturale"],"_links":{"self":[{"href":"https:\/\/ambhanoi.esteri.it\/it\/wp-json\/wp\/v2\/posts\/8064","targetHints":{"allow":["GET"]}}],"collection":[{"href":"https:\/\/ambhanoi.esteri.it\/it\/wp-json\/wp\/v2\/posts"}],"about":[{"href":"https:\/\/ambhanoi.esteri.it\/it\/wp-json\/wp\/v2\/types\/post"}],"author":[{"embeddable":true,"href":"https:\/\/ambhanoi.esteri.it\/it\/wp-json\/wp\/v2\/users\/4"}],"replies":[{"embeddable":true,"href":"https:\/\/ambhanoi.esteri.it\/it\/wp-json\/wp\/v2\/comments?post=8064"}],"version-history":[{"count":1,"href":"https:\/\/ambhanoi.esteri.it\/it\/wp-json\/wp\/v2\/posts\/8064\/revisions"}],"predecessor-version":[{"id":8073,"href":"https:\/\/ambhanoi.esteri.it\/it\/wp-json\/wp\/v2\/posts\/8064\/revisions\/8073"}],"wp:featuredmedia":[{"embeddable":true,"href":"https:\/\/ambhanoi.esteri.it\/it\/wp-json\/wp\/v2\/media\/8066"}],"wp:attachment":[{"href":"https:\/\/ambhanoi.esteri.it\/it\/wp-json\/wp\/v2\/media?parent=8064"}],"wp:term":[{"taxonomy":"post_tag","embeddable":true,"href":"https:\/\/ambhanoi.esteri.it\/it\/wp-json\/wp\/v2\/tags?post=8064"}],"curies":[{"name":"wp","href":"https:\/\/api.w.org\/{rel}","templated":true}]}}