{"id":3176,"date":"2016-09-19T06:54:33","date_gmt":"2016-09-18T23:54:33","guid":{"rendered":"https:\/\/ambhanoi.esteri.it\/news\/dall_ambasciata\/2016\/09\/libro-di-condoglianze-per-il-presidente\/"},"modified":"2016-09-19T06:54:33","modified_gmt":"2016-09-18T23:54:33","slug":"libro-di-condoglianze-per-il-presidente","status":"publish","type":"post","link":"https:\/\/ambhanoi.esteri.it\/it\/news\/dall_ambasciata\/2016\/09\/libro-di-condoglianze-per-il-presidente\/","title":{"rendered":"LIBRO DI CONDOGLIANZE PER IL PRESIDENTE EMERITO DELLA REPUBBLICA, CARLO AZEGLIO CIAMPI"},"content":{"rendered":"<p style=\"text-align: justify;\">L&#8217;Ambasciata comunica che in memoria del\u00a0Presidente emerito della Repubblica, Carlo Azeglio Ciampi, scomparso venerdi&#8217; scorso, e&#8217; aperto da oggi un libro di condoglianze secondo i seguenti orari:\u00a0<\/p>\n<p style=\"text-align: justify;\">&#8211; lunedi&#8217; 19 settembre dalle 14 alle 18<\/p>\n<p style=\"text-align: justify;\">&#8211; martedi&#8217; 20 settembre dalle 12 alle 16<\/p>\n<p style=\"text-align: justify;\">\u00a0<\/p>\n<p style=\"text-align: justify;\">Di seguito il testo del messaggio di cordoglio del Presidente della Repubblica, Sergio Mattarella:<\/p>\n<p style=\"text-align: justify;\">\u00ab<em>La morte di Carlo Azeglio Ciampi mi addolora profondamente. Con grande intensit\u00e0 esprimo i sentimenti di vicinanza, di solidariet\u00e0 e di gratitudine ai suoi familiari, sapendo di interpretare cos\u00ec l&#8217;animo degli italiani, che hanno apprezzato e amato il loro Presidente della Repubblica, con il suo stile istituzionale, con la sua fedelt\u00e0 alla democrazia e alla Costituzione, sempre attento alle parti pi\u00f9 svantaggiate della societ\u00e0, sempre appassionato in quel lavoro di rafforzamento dei fili che legano il nostro popolo.<\/em><\/p>\n<p style=\"text-align: justify;\"><em>Ciampi \u00e8 stato un grande italiano e un grande europeo. La stima e la considerazione di cui la sua figura ha goduto e gode in tutto il Continente e nel mondo \u00e8 il giusto tributo a una vita spesa per il bene comune, e costituisce un grande privilegio per l&#8217;intero Paese. Anche grazie a uomini come Ciampi, l&#8217;Italia ha ottenuto e meritato un prestigio sul piano internazionale che oggi va a beneficio dell&#8217;intera nostra comunit\u00e0.<\/em><\/p>\n<p style=\"text-align: justify;\"><em>Le grandi capacit\u00e0 di Ciampi e il suo forte senso delle istituzioni lo hanno portato a svolgere con maestria le funzioni di Governatore della Banca d&#8217;Italia e, anche in momenti difficili, \u00e8 riuscito a conseguire risultati preziosi. Quando \u00e8 stato chiamato, in uno dei passaggi pi\u00f9 drammatici della vicenda repubblicana, ad assumere la guida del governo nazionale, ha adempiuto al proprio dovere mostrando altissime qualit\u00e0, unite a un profondo rispetto per il Parlamento. E&#8217; stato un vero uomo di Stato, che ha prestato con visioni lungimiranti il suo servizio in ruoli di grande rilevanza politica &#8211; Presidente del Consiglio e Ministro del Tesoro &#8211; avendo nella mente e nel cuore una incrollabile fede democratica e la profonda convinzione che l&#8217;Italia ha nella sua gente e nella sua societ\u00e0 le risorse per generare un nuovo sviluppo e per contribuire, in modo decisivo, al rilancio del progetto europeo.<\/em><\/p>\n<p style=\"text-align: justify;\"><em>Ciampi ha legato il suo nome alla nascita dell&#8217;euro, e alla non scontata partecipazione dell&#8217;Italia al gruppo di testa. La determinazione di Ciampi \u00e8 diventata un motore trainante per l&#8217;intero Paese. Ha poi sofferto per le incertezze e le contraddizioni dell&#8217;Unione europea, fino alle pi\u00f9 recenti difficolt\u00e0. Se l&#8217;Italia tuttavia ha ancora un ruolo importante da giocare nel Continente, e se pu\u00f2, a testa alta, collaborare per costruire il futuro comune, lo deve in buona misura alla passione e alla fede europeistica di uomini come Carlo Azeglio Ciampi.<\/em><\/p>\n<p style=\"text-align: justify;\"><em>Quando fu eletto Presidente della Repubblica, decise con grande energia di spendere il suo enorme capitale di credibilit\u00e0 per unire il Paese. E il suo magistero di unit\u00e0 ha incontrato l&#8217;ammirazione e il consenso degli italiani. Rinsaldare le radici storiche, ridare significato e valore ai simboli nazionali era per lui tutt&#8217;uno con la costruzione di un futuro migliore, di un&#8217;Italia aperta al mondo perch\u00e9 protagonista in Europa.<\/em><\/p>\n<p style=\"text-align: justify;\"><em>Gli italiani non dimenticheranno il Presidente Ciampi. Continueranno ad apprezzarlo, e a considerarlo un esempio di competenza, di dedizione, di generosit\u00e0, di passione. Ai suoi familiari e ai suoi amici, accanto al ricordo incancellabile dei momenti pi\u00f9 intimi, il privilegio e la responsabilit\u00e0 di tenere viva la memoria pubblica di Carlo Azeglio Ciampi. Sono certo che tutte le istituzioni saranno al loro fianco e daranno loro il massimo sostegno<\/em>\u00bb.<\/p>\n<p style=\"text-align: justify;\">Roma, 16 settembre 2016<\/p>\n<p style=\"text-align: justify;\">\u00a0<\/p>\n<p style=\"text-align: justify;\">Per saperne di piu&#8217; sulla biografia ed il settennato del Presidente Ciampi, clicca <a href=\"http:\/\/presidenti.quirinale.it\/Ciampi\/cia-biografia.htm\">qui<\/a>.\u00a0\u00a0<\/p>\n","protected":false},"excerpt":{"rendered":"L&#8217;Ambasciata comunica che in memoria del\u00a0Presidente emerito della Repubblica, Carlo Azeglio Ciampi, scomparso venerdi&#8217; scorso, e&#8217; aperto da oggi un libro di condoglianze secondo i seguenti orari:\u00a0 &#8211; lunedi&#8217; 19 settembre dalle 14 alle 18 &#8211; martedi&#8217; 20 settembre dalle 12 alle 16 \u00a0 Di seguito il testo del messaggio di cordoglio del Presidente della [&hellip;]","protected":false},"author":1,"featured_media":0,"comment_status":"","ping_status":"","sticky":false,"template":"","format":"standard","meta":{"footnotes":""},"tags":[],"class_list":["post-3176","post","type-post","status-publish","format-standard","hentry"],"_links":{"self":[{"href":"https:\/\/ambhanoi.esteri.it\/it\/wp-json\/wp\/v2\/posts\/3176","targetHints":{"allow":["GET"]}}],"collection":[{"href":"https:\/\/ambhanoi.esteri.it\/it\/wp-json\/wp\/v2\/posts"}],"about":[{"href":"https:\/\/ambhanoi.esteri.it\/it\/wp-json\/wp\/v2\/types\/post"}],"author":[{"embeddable":true,"href":"https:\/\/ambhanoi.esteri.it\/it\/wp-json\/wp\/v2\/users\/1"}],"replies":[{"embeddable":true,"href":"https:\/\/ambhanoi.esteri.it\/it\/wp-json\/wp\/v2\/comments?post=3176"}],"version-history":[{"count":0,"href":"https:\/\/ambhanoi.esteri.it\/it\/wp-json\/wp\/v2\/posts\/3176\/revisions"}],"wp:attachment":[{"href":"https:\/\/ambhanoi.esteri.it\/it\/wp-json\/wp\/v2\/media?parent=3176"}],"wp:term":[{"taxonomy":"post_tag","embeddable":true,"href":"https:\/\/ambhanoi.esteri.it\/it\/wp-json\/wp\/v2\/tags?post=3176"}],"curies":[{"name":"wp","href":"https:\/\/api.w.org\/{rel}","templated":true}]}}