{"id":9490,"date":"2026-03-13T12:46:24","date_gmt":"2026-03-13T05:46:24","guid":{"rendered":"https:\/\/ambhanoi.esteri.it\/?p=9490"},"modified":"2026-03-13T12:47:05","modified_gmt":"2026-03-13T05:47:05","slug":"italian-design-day-2026-in-vietnam","status":"publish","type":"post","link":"https:\/\/ambhanoi.esteri.it\/en\/news\/dall_ambasciata\/2026\/03\/italian-design-day-2026-in-vietnam\/","title":{"rendered":"Italian Design Day 2026 in Vietnam"},"content":{"rendered":"<p>The Embassy of Italy in Hanoi is pleased to present the tenth edition of the <strong>Italian Design Day<\/strong> in Vietnam (IDD). Launched in 2017 by the Italian Ministry of Foreign Affairs and International Cooperation, the IDD is an annual initiative conceived to promote the history and modernity of Italian design and architecture worldwide, as well as to foster the exchange of experiences and innovative practices. Since its first edition, <strong>more than one thousand<\/strong> events have been organized within the framework of the initiative by the network of Italian Embassies, Consulates and ICE Offices abroad, with the involvement of hundreds of designers, architects, entrepreneurs, journalists and professionals from the sector.<\/p>\n<p>The theme of the 2026 edition is <strong><em><u>\u201cREDESIGN. Regenerating Spaces, Objects, Ideas, and Relationships\u201d<\/u><\/em><\/strong>. The title emphasizes the concept of regeneration as a key interpretative lens for contemporary design, highlighting the role of architecture in the renewal of spaces, objects and relationships in light of the social, cultural and environmental transformations of our time.<\/p>\n<p>The GDI also serves as a platform to promote major events dedicated to Italian design, including the \u201c<strong>Salone del Mobile di Milano<\/strong>\u201d (Milan, 21-26 April 2026). Founded in 1961, it represents the leading international event in the furniture and design industry.<\/p>\n<p>In Hanoi, the tenth edition of the Italian Design Day took place on <u>12 March 2026 at the Hanoi University of Civil Engineering (HUCE)<\/u>, a longstanding partner of the Embassy in organizing the initiative. The event featured a <strong>roundtable discussion<\/strong> with the participation of <strong>Arch. Tiziano Vudafieri<\/strong>, Italian Design Ambassador in Vietnam for the 2026 edition, <strong>Prof. Nguy\u1ec5n Cao L\u00e3nh<\/strong>, Dean of the Faculty of Architecture and Planning at HUCE, and architects <strong>Ho\u00e0ng Th\u00fac H\u00e0o<\/strong> and <strong>Trung Mai<\/strong>, moderated by <strong>Nguy\u1ec5n Phan Th\u00f9y D\u01b0\u01a1ng<\/strong>, Editorial Director of ELLE Decoration Vietnam.<\/p>\n<p>The initiative forms part of the Embassy of Italy in Vietnam\u2019s broader activities of cultural diplomacy and economic promotion, aimed at strengthening cooperation between the two countries in the fields of design, architecture and the creative industries.<\/p>\n<p><strong>* * *<\/strong><\/p>\n<p>For further information, please find attached the <u>event press release<\/u> and the <a href=\"https:\/\/ambhanoi.esteri.it\/wp-content\/uploads\/2026\/03\/IDD-2026-Press-Kit-photo-and-bio.pdf\"><u>biographies of the speakers<\/u><\/a>.<\/p>\n","protected":false},"excerpt":{"rendered":"The Embassy of Italy in Hanoi is pleased to present the tenth edition of the Italian Design Day in Vietnam (IDD). Launched in 2017 by the Italian Ministry of Foreign Affairs and International Cooperation, the IDD is an annual initiative conceived to promote the history and modernity of Italian design and architecture worldwide, as well [&hellip;]","protected":false},"author":19,"featured_media":9481,"comment_status":"closed","ping_status":"closed","sticky":false,"template":"","format":"standard","meta":{"footnotes":""},"tags":[7],"class_list":["post-9490","post","type-post","status-publish","format-standard","has-post-thumbnail","hentry","tag-diplomazia-culturale"],"_links":{"self":[{"href":"https:\/\/ambhanoi.esteri.it\/en\/wp-json\/wp\/v2\/posts\/9490","targetHints":{"allow":["GET"]}}],"collection":[{"href":"https:\/\/ambhanoi.esteri.it\/en\/wp-json\/wp\/v2\/posts"}],"about":[{"href":"https:\/\/ambhanoi.esteri.it\/en\/wp-json\/wp\/v2\/types\/post"}],"author":[{"embeddable":true,"href":"https:\/\/ambhanoi.esteri.it\/en\/wp-json\/wp\/v2\/users\/19"}],"replies":[{"embeddable":true,"href":"https:\/\/ambhanoi.esteri.it\/en\/wp-json\/wp\/v2\/comments?post=9490"}],"version-history":[{"count":1,"href":"https:\/\/ambhanoi.esteri.it\/en\/wp-json\/wp\/v2\/posts\/9490\/revisions"}],"predecessor-version":[{"id":9491,"href":"https:\/\/ambhanoi.esteri.it\/en\/wp-json\/wp\/v2\/posts\/9490\/revisions\/9491"}],"wp:featuredmedia":[{"embeddable":true,"href":"https:\/\/ambhanoi.esteri.it\/en\/wp-json\/wp\/v2\/media\/9481"}],"wp:attachment":[{"href":"https:\/\/ambhanoi.esteri.it\/en\/wp-json\/wp\/v2\/media?parent=9490"}],"wp:term":[{"taxonomy":"post_tag","embeddable":true,"href":"https:\/\/ambhanoi.esteri.it\/en\/wp-json\/wp\/v2\/tags?post=9490"}],"curies":[{"name":"wp","href":"https:\/\/api.w.org\/{rel}","templated":true}]}}